{"id":199,"date":"2024-11-22T11:21:38","date_gmt":"2024-11-22T14:21:38","guid":{"rendered":"https:\/\/www.calex.com.br\/blog\/?p=199"},"modified":"2025-09-22T12:13:28","modified_gmt":"2025-09-22T15:13:28","slug":"encontre-os-melhores-perfis-para-drywall-na-calex","status":"publish","type":"post","link":"https:\/\/www.calex.com.br\/blog\/encontre-os-melhores-perfis-para-drywall-na-calex\/","title":{"rendered":"Encontre os melhores perfis para drywall na Calex"},"content":{"rendered":"<span class=\"span-reading-time rt-reading-time\" style=\"display: block;\"><span class=\"rt-label rt-prefix\">Tempo de leitura:<\/span> <span class=\"rt-time\"> 3<\/span> <span class=\"rt-label rt-postfix\">minutos<\/span><\/span>\n<p><strong><em>Descubra os principais tipos de perfis para drywall, suas vantagens e onde encontrar fabricante de perfis para drywall de confian\u00e7a: a Calex.<\/em><\/strong><\/p>\n\n\n\n<p>Os <strong>perfis para drywall<\/strong> desempenham um papel essencial na constru\u00e7\u00e3o de paredes, divis\u00f3rias e forros, oferecendo estrutura e estabilidade para sistemas mais leves e vers\u00e1teis que os modelos tradicionais de alvenaria. Produzidos em a\u00e7o galvanizado, eles garantem alta resist\u00eancia \u00e0 corros\u00e3o e longa durabilidade.<\/p>\n\n\n\n<p>Neste artigo, vamos apresentar os <strong>tipos de perfis para drywall<\/strong>, suas aplica\u00e7\u00f5es e como escolher os modelos ideais para a sua obra.\u00a0<\/p>\n\n\n\n<p>Al\u00e9m disso, voc\u00ea vai conhecer a <strong>Calex<\/strong>, um dos principais <strong>fabricantes de perfis para drywall<\/strong> do mercado, refer\u00eancia em qualidade e tradi\u00e7\u00e3o.<\/p>\n\n\n\n<p><a href=\"https:\/\/www.calex.com.br\/blog\/fabrica-de-telha-galvanizada-em-sao-paulo-tudo-que-voce-precisa-saber\/\">F\u00e1brica de telha galvanizada em S\u00e3o Paulo: Tudo que voc\u00ea precisa saber<\/a><\/p>\n\n\n\n<div id=\"ez-toc-container\" class=\"ez-toc-v2_0_77 counter-hierarchy ez-toc-counter ez-toc-grey ez-toc-container-direction\">\n<div class=\"ez-toc-title-container\">\n<p class=\"ez-toc-title\" style=\"cursor:inherit\">T\u00f3picos do artigo<\/p>\n<span class=\"ez-toc-title-toggle\"><a href=\"#\" class=\"ez-toc-pull-right ez-toc-btn ez-toc-btn-xs ez-toc-btn-default ez-toc-toggle\" aria-label=\"Alternar tabela de conte\u00fado\"><span class=\"ez-toc-js-icon-con\"><span class=\"\"><span class=\"eztoc-hide\" style=\"display:none;\">Toggle<\/span><span class=\"ez-toc-icon-toggle-span\"><svg style=\"fill: #999;color:#999\" xmlns=\"http:\/\/www.w3.org\/2000\/svg\" class=\"list-377408\" width=\"20px\" height=\"20px\" viewBox=\"0 0 24 24\" fill=\"none\"><path d=\"M6 6H4v2h2V6zm14 0H8v2h12V6zM4 11h2v2H4v-2zm16 0H8v2h12v-2zM4 16h2v2H4v-2zm16 0H8v2h12v-2z\" fill=\"currentColor\"><\/path><\/svg><svg style=\"fill: #999;color:#999\" class=\"arrow-unsorted-368013\" xmlns=\"http:\/\/www.w3.org\/2000\/svg\" width=\"10px\" height=\"10px\" viewBox=\"0 0 24 24\" version=\"1.2\" baseProfile=\"tiny\"><path d=\"M18.2 9.3l-6.2-6.3-6.2 6.3c-.2.2-.3.4-.3.7s.1.5.3.7c.2.2.4.3.7.3h11c.3 0 .5-.1.7-.3.2-.2.3-.5.3-.7s-.1-.5-.3-.7zM5.8 14.7l6.2 6.3 6.2-6.3c.2-.2.3-.5.3-.7s-.1-.5-.3-.7c-.2-.2-.4-.3-.7-.3h-11c-.3 0-.5.1-.7.3-.2.2-.3.5-.3.7s.1.5.3.7z\"\/><\/svg><\/span><\/span><\/span><\/a><\/span><\/div>\n<nav><ul class='ez-toc-list ez-toc-list-level-1 ' ><li class='ez-toc-page-1 ez-toc-heading-level-2'><a class=\"ez-toc-link ez-toc-heading-1\" href=\"https:\/\/www.calex.com.br\/blog\/encontre-os-melhores-perfis-para-drywall-na-calex\/#Qual_perfil_usar_no_drywall\" >Qual perfil usar no drywall?<\/a><\/li><li class='ez-toc-page-1 ez-toc-heading-level-2'><a class=\"ez-toc-link ez-toc-heading-2\" href=\"https:\/\/www.calex.com.br\/blog\/encontre-os-melhores-perfis-para-drywall-na-calex\/#Tipos_de_perfis_para_drywall\" >Tipos de perfis para drywall<\/a><\/li><li class='ez-toc-page-1 ez-toc-heading-level-2'><a class=\"ez-toc-link ez-toc-heading-3\" href=\"https:\/\/www.calex.com.br\/blog\/encontre-os-melhores-perfis-para-drywall-na-calex\/#Vantagens_dos_perfis_para_drywall\" >Vantagens dos perfis para drywall<\/a><\/li><li class='ez-toc-page-1 ez-toc-heading-level-2'><a class=\"ez-toc-link ez-toc-heading-4\" href=\"https:\/\/www.calex.com.br\/blog\/encontre-os-melhores-perfis-para-drywall-na-calex\/#Calex_fabricante_de_perfis_para_drywall_de_confianca\" >Calex: fabricante de perfis para drywall de confian\u00e7a<\/a><\/li><li class='ez-toc-page-1 ez-toc-heading-level-2'><a class=\"ez-toc-link ez-toc-heading-5\" href=\"https:\/\/www.calex.com.br\/blog\/encontre-os-melhores-perfis-para-drywall-na-calex\/#Finalizando_seu_projeto_com_perfis_de_drywall_de_qualidade\" >Finalizando seu projeto com perfis de drywall de qualidade<\/a><\/li><\/ul><\/nav><\/div>\n<h2 class=\"wp-block-heading\"><span class=\"ez-toc-section\" id=\"Qual_perfil_usar_no_drywall\"><\/span><strong>Qual perfil usar no drywall?<\/strong><span class=\"ez-toc-section-end\"><\/span><\/h2>\n\n\n\n<p>A escolha do perfil adequado depende de fatores como o tipo de ambiente, a carga a ser suportada e o acabamento desejado.&nbsp;<\/p>\n\n\n\n<p>Cada perfil possui caracter\u00edsticas pr\u00f3prias e desempenha uma fun\u00e7\u00e3o espec\u00edfica na estrutura. Para garantir seguran\u00e7a, efici\u00eancia e durabilidade, \u00e9 fundamental entender os diferentes <strong>tipos de perfis para drywall<\/strong> dispon\u00edveis no mercado.<\/p>\n\n\n\n<h2 class=\"wp-block-heading\"><span class=\"ez-toc-section\" id=\"Tipos_de_perfis_para_drywall\"><\/span><strong>Tipos de perfis para drywall<\/strong><span class=\"ez-toc-section-end\"><\/span><\/h2>\n\n\n\n<p>Os perfis s\u00e3o classificados em montantes, guias, cantoneiras e outros componentes que, em conjunto, formam a estrutura para receber as chapas de drywall.<\/p>\n\n\n\n<ul class=\"wp-block-list\">\n<li><strong>Montante<\/strong> (90mm, 70mm e 48mm): perfil vertical que d\u00e1 forma \u00e0s paredes. O montante de 90mm \u00e9 ideal para divis\u00f3rias mais robustas; o de 70mm \u00e9 vers\u00e1til e indicado para aplica\u00e7\u00f5es padr\u00e3o; j\u00e1 o de 48mm \u00e9 perfeito para divis\u00f3rias mais finas ou em \u00e1reas com pouco espa\u00e7o.<br><\/li>\n\n\n\n<li><strong>Guia<\/strong> (90mm, 70mm e 48mm): perfil horizontal que fixa os montantes na parte superior e inferior das paredes. Garante estabilidade e alinhamento da estrutura.<br><\/li>\n\n\n\n<li><strong>Cantoneira de forro<\/strong> (13x30mm e 25x30mm): utilizada nas jun\u00e7\u00f5es das paredes com o forro, proporcionando acabamento preciso e refor\u00e7o estrutural.<br><\/li>\n\n\n\n<li><strong>Perfil para forro F530<\/strong> (18x46mm): componente essencial na cria\u00e7\u00e3o de forros modulares, garantindo sustenta\u00e7\u00e3o e estabilidade.<br><\/li>\n\n\n\n<li><strong>Tabica lisa<\/strong> (40x48mm): usada para unir a parede ao forro, oferecendo acabamento est\u00e9tico e funcional.<br><\/li>\n\n\n\n<li><strong>Cantoneira perfurada<\/strong> (23x23mm): indicada para refor\u00e7ar esquadrias e fixar placas de drywall com alta precis\u00e3o.<\/li>\n<\/ul>\n\n\n\n<h2 class=\"wp-block-heading\"><span class=\"ez-toc-section\" id=\"Vantagens_dos_perfis_para_drywall\"><\/span><strong>Vantagens dos perfis para drywall<\/strong><span class=\"ez-toc-section-end\"><\/span><\/h2>\n\n\n\n<p>Optar por perfis met\u00e1licos de qualidade garante benef\u00edcios importantes para sua obra:<\/p>\n\n\n\n<ul class=\"wp-block-list\">\n<li><strong>Leveza e praticidade<\/strong>: mais f\u00e1ceis de transportar e instalar do que os sistemas de alvenaria.<br><\/li>\n\n\n\n<li><strong>Economia de espa\u00e7o<\/strong>: permitem divis\u00f3rias mais finas e maior aproveitamento da \u00e1rea \u00fatil.<br><\/li>\n\n\n\n<li><strong>Versatilidade<\/strong>: adaptam-se a ambientes internos, forros e diferentes tipos de projetos.<br><\/li>\n\n\n\n<li><strong>Isolamento ac\u00fastico e t\u00e9rmico<\/strong>: quando combinados a materiais adequados, oferecem conforto adicional.<br><\/li>\n\n\n\n<li><strong>Durabilidade<\/strong>: por serem de a\u00e7o galvanizado, apresentam alta resist\u00eancia \u00e0 corros\u00e3o e maior vida \u00fatil.<\/li>\n<\/ul>\n\n\n\n<figure class=\"wp-block-image size-full is-resized is-style-rounded\"><img loading=\"lazy\" decoding=\"async\" width=\"400\" height=\"400\" src=\"https:\/\/www.calex.com.br\/blog\/wp-content\/uploads\/2024\/11\/box-e-perfis-para-drywall.jpg\" alt=\"Encontre os melhores perfis para drywall na Calex\" class=\"wp-image-337\" style=\"width:328px;height:auto\" srcset=\"https:\/\/www.calex.com.br\/blog\/wp-content\/uploads\/2024\/11\/box-e-perfis-para-drywall.jpg 400w, https:\/\/www.calex.com.br\/blog\/wp-content\/uploads\/2024\/11\/box-e-perfis-para-drywall-300x300.jpg 300w, https:\/\/www.calex.com.br\/blog\/wp-content\/uploads\/2024\/11\/box-e-perfis-para-drywall-150x150.jpg 150w, https:\/\/www.calex.com.br\/blog\/wp-content\/uploads\/2024\/11\/box-e-perfis-para-drywall-60x60.jpg 60w\" sizes=\"auto, (max-width: 400px) 100vw, 400px\" \/><\/figure>\n\n\n\n<h2 class=\"wp-block-heading\"><span class=\"ez-toc-section\" id=\"Calex_fabricante_de_perfis_para_drywall_de_confianca\"><\/span><strong>Calex: fabricante de perfis para drywall de confian\u00e7a<\/strong><span class=\"ez-toc-section-end\"><\/span><\/h2>\n\n\n\n<p>Fundada em 1962, a <strong>Calex<\/strong> \u00e9 refer\u00eancia no setor de perfis e solu\u00e7\u00f5es met\u00e1licas. Reconhecida como <strong>fabricante de perfis para drywall<\/strong>, a empresa alia tradi\u00e7\u00e3o, inova\u00e7\u00e3o e qualidade para atender obras de diferentes portes.<\/p>\n\n\n\n<p>Com certifica\u00e7\u00f5es <strong>ISO 9001, ISO 14001 e OHSAS 18001<\/strong>, a Calex garante que todos os seus produtos seguem rigorosos padr\u00f5es de qualidade e efici\u00eancia.<\/p>\n\n\n\n<p>&nbsp;Al\u00e9m de perfis para drywall, a empresa tamb\u00e9m fabrica calhas, rufos, coifas, chamin\u00e9s e outros itens met\u00e1licos.<\/p>\n\n\n\n<p>Localizada em S\u00e3o Caetano do Sul, no ABC Paulista, a Calex oferece atendimento personalizado e solu\u00e7\u00f5es sob medida para cada projeto, consolidando-se como uma parceira estrat\u00e9gica para construtoras e empresas do setor.<\/p>\n\n\n\n<h2 class=\"wp-block-heading\"><span class=\"ez-toc-section\" id=\"Finalizando_seu_projeto_com_perfis_de_drywall_de_qualidade\"><\/span><strong>Finalizando seu projeto com perfis de drywall de qualidade<\/strong><span class=\"ez-toc-section-end\"><\/span><\/h2>\n\n\n\n<p>Os <strong>tipos de perfis para drywall<\/strong> s\u00e3o fundamentais para assegurar a estabilidade, resist\u00eancia e est\u00e9tica das constru\u00e7\u00f5es em drywall. Com modelos variados, \u00e9 poss\u00edvel escolher a solu\u00e7\u00e3o ideal para cada necessidade, desde divis\u00f3rias leves at\u00e9 forros robustos.<\/p>\n\n\n\n<p>Se voc\u00ea procura um <strong>fabricante de perfis para drywall<\/strong> que una tradi\u00e7\u00e3o, tecnologia e excel\u00eancia, a <strong>Calex<\/strong> \u00e9 a escolha certa.&nbsp;<\/p>\n\n\n\n<p>Com mais de 60 anos de experi\u00eancia, a empresa oferece produtos de alto desempenho e suporte especializado para garantir o sucesso do seu projeto.<\/p>\n\n\n\n<p><strong><a href=\"https:\/\/www.calex.com.br\/fale-conosco\/\">Entre em contato<\/a> com a Calex e descubra como os perfis para drywall podem transformar a sua obra.<\/strong><\/p>\n\n\n\n<p><a href=\"https:\/\/www.calex.com.br\/blog\/a-melhor-fabrica-de-calhas-e-rufos-no-abc-paulista\/\">A melhor f\u00e1brica de calhas e rufos no ABC Paulista<\/a><\/p>\n","protected":false},"excerpt":{"rendered":"<p><span class=\"span-reading-time rt-reading-time\" style=\"display: block;\"><span class=\"rt-label rt-prefix\">Tempo de leitura:<\/span> <span class=\"rt-time\"> 3<\/span> <span class=\"rt-label rt-postfix\">minutos<\/span><\/span>Descubra os principais tipos de perfis para drywall, suas vantagens e onde encontrar fabricante de perfis para drywall de confian\u00e7a: a Calex. Os perfis para drywall desempenham um papel essencial na constru\u00e7\u00e3o de paredes, divis\u00f3rias e forros, oferecendo estrutura e &hellip; <\/p>\n","protected":false},"author":1,"featured_media":200,"comment_status":"open","ping_status":"open","sticky":false,"template":"","format":"standard","meta":{"_lmt_disableupdate":"no","_lmt_disable":"","footnotes":""},"categories":[808],"tags":[1957,98,102,810,1942,1947,1940,1949,99,1941,1943,1936,1932,1951,1933,809,1937,1945,1934,1931,1950,101,1938,1944,1939,1935,1952,1956,103,1955,97,1954,1953,110,108,1946,815,106,105,811,812,814,113,813,1930,1948,111,104,112],"class_list":["post-199","post","type-post","status-publish","format-standard","has-post-thumbnail","hentry","category-perfis-para-drywall","tag-cantoneiras-para-drywall-no-abc-paulista","tag-comprar-perfis-para-drywall","tag-distribuidor-de-perfis-para-drywall","tag-distribuidora-de-perfis-para-drywall","tag-drywall-em-santo-andre","tag-drywall-em-sao-bernardo-do-campo","tag-drywall-em-sao-caetano-do-sul","tag-drywall-no-grande-abc","tag-empresa-de-perfis-para-drywall","tag-empresa-de-perfis-para-drywall-em-santo-andre","tag-empresa-de-perfis-para-drywall-em-sao-bernardo-do-campo","tag-empresa-de-perfis-para-drywall-em-sao-caetano-do-sul","tag-empresa-de-perfis-para-drywall-no-abc-paulista","tag-empresa-de-perfis-para-drywall-no-grande-abc","tag-fabrica-de-perfis-para-drywall-no-abc-paulista","tag-fabricante-de-perfis-para-drywall","tag-fabricante-de-perfis-para-drywall-em-santo-andre","tag-fabricante-de-perfis-para-drywall-em-sao-bernardo-do-campo","tag-fabricante-de-perfis-para-drywall-em-sao-caetano-do-sul","tag-fabricante-de-perfis-para-drywall-no-abc-paulista","tag-fabricante-de-perfis-para-drywall-no-grande-abc","tag-fornecedor-de-perfis-para-drywall","tag-fornecedor-de-perfis-para-drywall-em-santo-andre","tag-fornecedor-de-perfis-para-drywall-em-sao-bernardo-do-campo","tag-fornecedor-de-perfis-para-drywall-em-sao-caetano-do-sul","tag-fornecedor-de-perfis-para-drywall-no-abc-paulista","tag-fornecedor-de-perfis-para-drywall-no-grande-abc","tag-guias-para-drywall-no-abc-paulista","tag-loja-de-perfis-para-drywall","tag-montantes-para-drywall-no-abc-paulista","tag-onde-encontrar-perfis-para-drywall","tag-perfis-galvanizados-no-abc-paulista","tag-perfis-metalicos-no-abc-paulista","tag-perfis-para-drywall-direto-da-fabrica","tag-perfis-para-drywall-em-santo-andre","tag-perfis-para-drywall-em-sao-bernardo-do-campo","tag-perfis-para-drywall-em-sao-caetano-do-sul","tag-perfis-para-drywall-em-sao-paulo","tag-perfis-para-drywall-em-sp","tag-perfis-para-drywall-na-zona-leste","tag-perfis-para-drywall-na-zona-norte","tag-perfis-para-drywall-na-zona-oeste","tag-perfis-para-drywall-na-zona-sul","tag-perfis-para-drywall-no-abc","tag-perfis-para-drywall-no-abc-paulista","tag-perfis-para-drywall-no-grande-abc","tag-perfis-para-drywall-perto-de-mim","tag-perfis-para-drywall-preco","tag-perfis-para-drywall-proximo-a-mim","latest_post"],"yoast_head":"<!-- This site is optimized with the Yoast SEO plugin v26.4 - https:\/\/yoast.com\/wordpress\/plugins\/seo\/ -->\n<title>Encontre os melhores perfis para drywall na Calex - Calex Equipamentos Industriais<\/title>\n<meta name=\"description\" content=\"Conhe\u00e7a os tipos de perfis para drywall e como escolher os ideais para sua obra. Descubra tamb\u00e9m as vantagens de escolher a Calex\" \/>\n<meta name=\"robots\" content=\"index, follow, max-snippet:-1, max-image-preview:large, max-video-preview:-1\" \/>\n<link rel=\"canonical\" href=\"https:\/\/www.calex.com.br\/blog\/encontre-os-melhores-perfis-para-drywall-na-calex\/\" \/>\n<meta property=\"og:locale\" content=\"pt_BR\" \/>\n<meta property=\"og:type\" content=\"article\" \/>\n<meta property=\"og:title\" content=\"Encontre os melhores perfis para drywall na Calex - Calex Equipamentos Industriais\" \/>\n<meta property=\"og:description\" content=\"Conhe\u00e7a os tipos de perfis para drywall e como escolher os ideais para sua obra. Descubra tamb\u00e9m as vantagens de escolher a Calex\" \/>\n<meta property=\"og:url\" content=\"https:\/\/www.calex.com.br\/blog\/encontre-os-melhores-perfis-para-drywall-na-calex\/\" \/>\n<meta property=\"og:site_name\" content=\"Calex Equipamentos Industriais\" \/>\n<meta property=\"article:published_time\" content=\"2024-11-22T14:21:38+00:00\" \/>\n<meta property=\"article:modified_time\" content=\"2025-09-22T15:13:28+00:00\" \/>\n<meta property=\"og:image\" content=\"https:\/\/www.calex.com.br\/blog\/wp-content\/uploads\/2024\/11\/medium-shot-man-wearing-safety-helmet_23-2149366660.jpg\" \/>\n\t<meta property=\"og:image:width\" content=\"626\" \/>\n\t<meta property=\"og:image:height\" content=\"417\" \/>\n\t<meta property=\"og:image:type\" content=\"image\/jpeg\" \/>\n<meta name=\"author\" content=\"admin\" \/>\n<meta name=\"twitter:card\" content=\"summary_large_image\" \/>\n<meta name=\"twitter:label1\" content=\"Escrito por\" \/>\n\t<meta name=\"twitter:data1\" content=\"admin\" \/>\n\t<meta name=\"twitter:label2\" content=\"Est. tempo de leitura\" \/>\n\t<meta name=\"twitter:data2\" content=\"5 minutos\" \/>\n<script type=\"application\/ld+json\" class=\"yoast-schema-graph\">{\"@context\":\"https:\/\/schema.org\",\"@graph\":[{\"@type\":\"Article\",\"@id\":\"https:\/\/www.calex.com.br\/blog\/encontre-os-melhores-perfis-para-drywall-na-calex\/#article\",\"isPartOf\":{\"@id\":\"https:\/\/www.calex.com.br\/blog\/encontre-os-melhores-perfis-para-drywall-na-calex\/\"},\"author\":{\"name\":\"admin\",\"@id\":\"https:\/\/www.calex.com.br\/blog\/#\/schema\/person\/c3e50679509addfb3c7d467293307ee7\"},\"headline\":\"Encontre os melhores perfis para drywall na Calex\",\"datePublished\":\"2024-11-22T14:21:38+00:00\",\"dateModified\":\"2025-09-22T15:13:28+00:00\",\"mainEntityOfPage\":{\"@id\":\"https:\/\/www.calex.com.br\/blog\/encontre-os-melhores-perfis-para-drywall-na-calex\/\"},\"wordCount\":736,\"commentCount\":0,\"publisher\":{\"@id\":\"https:\/\/www.calex.com.br\/blog\/#organization\"},\"image\":{\"@id\":\"https:\/\/www.calex.com.br\/blog\/encontre-os-melhores-perfis-para-drywall-na-calex\/#primaryimage\"},\"thumbnailUrl\":\"https:\/\/www.calex.com.br\/blog\/wp-content\/uploads\/2024\/11\/medium-shot-man-wearing-safety-helmet_23-2149366660.jpg\",\"keywords\":[\"cantoneiras para drywall no ABC Paulista\",\"Comprar Perfis para drywall\",\"Distribuidor de Perfis para drywall\",\"distribuidora de perfis para drywall\",\"drywall em Santo Andr\u00e9\",\"drywall em S\u00e3o Bernardo do Campo\",\"drywall em S\u00e3o Caetano do Sul\",\"drywall no Grande ABC\",\"Empresa de Perfis para drywall\",\"empresa de perfis para drywall em Santo Andr\u00e9\",\"empresa de perfis para drywall em S\u00e3o Bernardo do Campo\",\"empresa de perfis para drywall em S\u00e3o Caetano do Sul\",\"empresa de perfis para drywall no ABC Paulista\",\"empresa de perfis para drywall no Grande ABC\",\"f\u00e1brica de perfis para drywall no ABC Paulista\",\"fabricante de perfis para drywall\",\"fabricante de perfis para drywall em Santo Andr\u00e9\",\"fabricante de perfis para drywall em S\u00e3o Bernardo do Campo\",\"fabricante de perfis para drywall em S\u00e3o Caetano do Sul\",\"fabricante de perfis para drywall no ABC Paulista\",\"fabricante de perfis para drywall no Grande ABC\",\"Fornecedor de Perfis para drywall\",\"fornecedor de perfis para drywall em Santo Andr\u00e9\",\"fornecedor de perfis para drywall em S\u00e3o Bernardo do Campo\",\"fornecedor de perfis para drywall em S\u00e3o Caetano do Sul\",\"fornecedor de perfis para drywall no ABC Paulista\",\"fornecedor de perfis para drywall no Grande ABC\",\"guias para drywall no ABC Paulista\",\"loja de Perfis para drywall\",\"montantes para drywall no ABC Paulista\",\"Onde encontrar Perfis para drywall\",\"perfis galvanizados no ABC Paulista\",\"perfis met\u00e1licos no ABC Paulista\",\"Perfis para drywall direto da f\u00e1brica\",\"Perfis para drywall em Santo Andr\u00e9\",\"perfis para drywall em S\u00e3o Bernardo do Campo\",\"perfis para drywall em S\u00e3o Caetano do Sul\",\"Perfis para drywall em S\u00e3o Paulo\",\"Perfis para drywall em SP\",\"perfis para drywall na zona leste\",\"perfis para drywall na zona norte\",\"perfis para drywall na zona oeste\",\"Perfis para drywall na zona sul\",\"perfis para drywall no ABC\",\"perfis para drywall no ABC Paulista\",\"perfis para drywall no Grande ABC\",\"Perfis para drywall perto de mim\",\"Perfis para drywall pre\u00e7o\",\"Perfis para drywall pr\u00f3ximo a mim\"],\"articleSection\":[\"perfis para drywall\"],\"inLanguage\":\"pt-BR\",\"potentialAction\":[{\"@type\":\"CommentAction\",\"name\":\"Comment\",\"target\":[\"https:\/\/www.calex.com.br\/blog\/encontre-os-melhores-perfis-para-drywall-na-calex\/#respond\"]}]},{\"@type\":\"WebPage\",\"@id\":\"https:\/\/www.calex.com.br\/blog\/encontre-os-melhores-perfis-para-drywall-na-calex\/\",\"url\":\"https:\/\/www.calex.com.br\/blog\/encontre-os-melhores-perfis-para-drywall-na-calex\/\",\"name\":\"Encontre os melhores perfis para drywall na Calex - Calex Equipamentos Industriais\",\"isPartOf\":{\"@id\":\"https:\/\/www.calex.com.br\/blog\/#website\"},\"primaryImageOfPage\":{\"@id\":\"https:\/\/www.calex.com.br\/blog\/encontre-os-melhores-perfis-para-drywall-na-calex\/#primaryimage\"},\"image\":{\"@id\":\"https:\/\/www.calex.com.br\/blog\/encontre-os-melhores-perfis-para-drywall-na-calex\/#primaryimage\"},\"thumbnailUrl\":\"https:\/\/www.calex.com.br\/blog\/wp-content\/uploads\/2024\/11\/medium-shot-man-wearing-safety-helmet_23-2149366660.jpg\",\"datePublished\":\"2024-11-22T14:21:38+00:00\",\"dateModified\":\"2025-09-22T15:13:28+00:00\",\"description\":\"Conhe\u00e7a os tipos de perfis para drywall e como escolher os ideais para sua obra. Descubra tamb\u00e9m as vantagens de escolher a Calex\",\"breadcrumb\":{\"@id\":\"https:\/\/www.calex.com.br\/blog\/encontre-os-melhores-perfis-para-drywall-na-calex\/#breadcrumb\"},\"inLanguage\":\"pt-BR\",\"potentialAction\":[{\"@type\":\"ReadAction\",\"target\":[\"https:\/\/www.calex.com.br\/blog\/encontre-os-melhores-perfis-para-drywall-na-calex\/\"]}]},{\"@type\":\"ImageObject\",\"inLanguage\":\"pt-BR\",\"@id\":\"https:\/\/www.calex.com.br\/blog\/encontre-os-melhores-perfis-para-drywall-na-calex\/#primaryimage\",\"url\":\"https:\/\/www.calex.com.br\/blog\/wp-content\/uploads\/2024\/11\/medium-shot-man-wearing-safety-helmet_23-2149366660.jpg\",\"contentUrl\":\"https:\/\/www.calex.com.br\/blog\/wp-content\/uploads\/2024\/11\/medium-shot-man-wearing-safety-helmet_23-2149366660.jpg\",\"width\":626,\"height\":417,\"caption\":\"Encontre os melhores perfis para drywall na Calex\"},{\"@type\":\"BreadcrumbList\",\"@id\":\"https:\/\/www.calex.com.br\/blog\/encontre-os-melhores-perfis-para-drywall-na-calex\/#breadcrumb\",\"itemListElement\":[{\"@type\":\"ListItem\",\"position\":1,\"name\":\"In\u00edcio\",\"item\":\"https:\/\/www.calex.com.br\/blog\/\"},{\"@type\":\"ListItem\",\"position\":2,\"name\":\"Encontre os melhores perfis para drywall na Calex\"}]},{\"@type\":\"WebSite\",\"@id\":\"https:\/\/www.calex.com.br\/blog\/#website\",\"url\":\"https:\/\/www.calex.com.br\/blog\/\",\"name\":\"Calex Equipamentos Industriais\",\"description\":\"blog - Calex\",\"publisher\":{\"@id\":\"https:\/\/www.calex.com.br\/blog\/#organization\"},\"potentialAction\":[{\"@type\":\"SearchAction\",\"target\":{\"@type\":\"EntryPoint\",\"urlTemplate\":\"https:\/\/www.calex.com.br\/blog\/?s={search_term_string}\"},\"query-input\":{\"@type\":\"PropertyValueSpecification\",\"valueRequired\":true,\"valueName\":\"search_term_string\"}}],\"inLanguage\":\"pt-BR\"},{\"@type\":\"Organization\",\"@id\":\"https:\/\/www.calex.com.br\/blog\/#organization\",\"name\":\"Calex Equipamentos Industriais\",\"url\":\"https:\/\/www.calex.com.br\/blog\/\",\"logo\":{\"@type\":\"ImageObject\",\"inLanguage\":\"pt-BR\",\"@id\":\"https:\/\/www.calex.com.br\/blog\/#\/schema\/logo\/image\/\",\"url\":\"https:\/\/www.calex.com.br\/blog\/wp-content\/uploads\/2024\/01\/logo.png\",\"contentUrl\":\"https:\/\/www.calex.com.br\/blog\/wp-content\/uploads\/2024\/01\/logo.png\",\"width\":357,\"height\":109,\"caption\":\"Calex Equipamentos Industriais\"},\"image\":{\"@id\":\"https:\/\/www.calex.com.br\/blog\/#\/schema\/logo\/image\/\"}},{\"@type\":\"Person\",\"@id\":\"https:\/\/www.calex.com.br\/blog\/#\/schema\/person\/c3e50679509addfb3c7d467293307ee7\",\"name\":\"admin\",\"image\":{\"@type\":\"ImageObject\",\"inLanguage\":\"pt-BR\",\"@id\":\"https:\/\/www.calex.com.br\/blog\/#\/schema\/person\/image\/\",\"url\":\"https:\/\/secure.gravatar.com\/avatar\/94d94992e5dcccff24919365b24c228f2dc818bb6650ab086de97177901f17db?s=96&d=mm&r=g\",\"contentUrl\":\"https:\/\/secure.gravatar.com\/avatar\/94d94992e5dcccff24919365b24c228f2dc818bb6650ab086de97177901f17db?s=96&d=mm&r=g\",\"caption\":\"admin\"},\"sameAs\":[\"https:\/\/www.calex.com.br\/blog\"],\"url\":\"https:\/\/www.calex.com.br\/blog\/author\/admin\/\"}]}<\/script>\n<!-- \/ Yoast SEO plugin. -->","yoast_head_json":{"title":"Encontre os melhores perfis para drywall na Calex - Calex Equipamentos Industriais","description":"Conhe\u00e7a os tipos de perfis para drywall e como escolher os ideais para sua obra. Descubra tamb\u00e9m as vantagens de escolher a Calex","robots":{"index":"index","follow":"follow","max-snippet":"max-snippet:-1","max-image-preview":"max-image-preview:large","max-video-preview":"max-video-preview:-1"},"canonical":"https:\/\/www.calex.com.br\/blog\/encontre-os-melhores-perfis-para-drywall-na-calex\/","og_locale":"pt_BR","og_type":"article","og_title":"Encontre os melhores perfis para drywall na Calex - Calex Equipamentos Industriais","og_description":"Conhe\u00e7a os tipos de perfis para drywall e como escolher os ideais para sua obra. Descubra tamb\u00e9m as vantagens de escolher a Calex","og_url":"https:\/\/www.calex.com.br\/blog\/encontre-os-melhores-perfis-para-drywall-na-calex\/","og_site_name":"Calex Equipamentos Industriais","article_published_time":"2024-11-22T14:21:38+00:00","article_modified_time":"2025-09-22T15:13:28+00:00","og_image":[{"width":626,"height":417,"url":"https:\/\/www.calex.com.br\/blog\/wp-content\/uploads\/2024\/11\/medium-shot-man-wearing-safety-helmet_23-2149366660.jpg","type":"image\/jpeg"}],"author":"admin","twitter_card":"summary_large_image","twitter_misc":{"Escrito por":"admin","Est. tempo de leitura":"5 minutos"},"schema":{"@context":"https:\/\/schema.org","@graph":[{"@type":"Article","@id":"https:\/\/www.calex.com.br\/blog\/encontre-os-melhores-perfis-para-drywall-na-calex\/#article","isPartOf":{"@id":"https:\/\/www.calex.com.br\/blog\/encontre-os-melhores-perfis-para-drywall-na-calex\/"},"author":{"name":"admin","@id":"https:\/\/www.calex.com.br\/blog\/#\/schema\/person\/c3e50679509addfb3c7d467293307ee7"},"headline":"Encontre os melhores perfis para drywall na Calex","datePublished":"2024-11-22T14:21:38+00:00","dateModified":"2025-09-22T15:13:28+00:00","mainEntityOfPage":{"@id":"https:\/\/www.calex.com.br\/blog\/encontre-os-melhores-perfis-para-drywall-na-calex\/"},"wordCount":736,"commentCount":0,"publisher":{"@id":"https:\/\/www.calex.com.br\/blog\/#organization"},"image":{"@id":"https:\/\/www.calex.com.br\/blog\/encontre-os-melhores-perfis-para-drywall-na-calex\/#primaryimage"},"thumbnailUrl":"https:\/\/www.calex.com.br\/blog\/wp-content\/uploads\/2024\/11\/medium-shot-man-wearing-safety-helmet_23-2149366660.jpg","keywords":["cantoneiras para drywall no ABC Paulista","Comprar Perfis para drywall","Distribuidor de Perfis para drywall","distribuidora de perfis para drywall","drywall em Santo Andr\u00e9","drywall em S\u00e3o Bernardo do Campo","drywall em S\u00e3o Caetano do Sul","drywall no Grande ABC","Empresa de Perfis para drywall","empresa de perfis para drywall em Santo Andr\u00e9","empresa de perfis para drywall em S\u00e3o Bernardo do Campo","empresa de perfis para drywall em S\u00e3o Caetano do Sul","empresa de perfis para drywall no ABC Paulista","empresa de perfis para drywall no Grande ABC","f\u00e1brica de perfis para drywall no ABC Paulista","fabricante de perfis para drywall","fabricante de perfis para drywall em Santo Andr\u00e9","fabricante de perfis para drywall em S\u00e3o Bernardo do Campo","fabricante de perfis para drywall em S\u00e3o Caetano do Sul","fabricante de perfis para drywall no ABC Paulista","fabricante de perfis para drywall no Grande ABC","Fornecedor de Perfis para drywall","fornecedor de perfis para drywall em Santo Andr\u00e9","fornecedor de perfis para drywall em S\u00e3o Bernardo do Campo","fornecedor de perfis para drywall em S\u00e3o Caetano do Sul","fornecedor de perfis para drywall no ABC Paulista","fornecedor de perfis para drywall no Grande ABC","guias para drywall no ABC Paulista","loja de Perfis para drywall","montantes para drywall no ABC Paulista","Onde encontrar Perfis para drywall","perfis galvanizados no ABC Paulista","perfis met\u00e1licos no ABC Paulista","Perfis para drywall direto da f\u00e1brica","Perfis para drywall em Santo Andr\u00e9","perfis para drywall em S\u00e3o Bernardo do Campo","perfis para drywall em S\u00e3o Caetano do Sul","Perfis para drywall em S\u00e3o Paulo","Perfis para drywall em SP","perfis para drywall na zona leste","perfis para drywall na zona norte","perfis para drywall na zona oeste","Perfis para drywall na zona sul","perfis para drywall no ABC","perfis para drywall no ABC Paulista","perfis para drywall no Grande ABC","Perfis para drywall perto de mim","Perfis para drywall pre\u00e7o","Perfis para drywall pr\u00f3ximo a mim"],"articleSection":["perfis para drywall"],"inLanguage":"pt-BR","potentialAction":[{"@type":"CommentAction","name":"Comment","target":["https:\/\/www.calex.com.br\/blog\/encontre-os-melhores-perfis-para-drywall-na-calex\/#respond"]}]},{"@type":"WebPage","@id":"https:\/\/www.calex.com.br\/blog\/encontre-os-melhores-perfis-para-drywall-na-calex\/","url":"https:\/\/www.calex.com.br\/blog\/encontre-os-melhores-perfis-para-drywall-na-calex\/","name":"Encontre os melhores perfis para drywall na Calex - Calex Equipamentos Industriais","isPartOf":{"@id":"https:\/\/www.calex.com.br\/blog\/#website"},"primaryImageOfPage":{"@id":"https:\/\/www.calex.com.br\/blog\/encontre-os-melhores-perfis-para-drywall-na-calex\/#primaryimage"},"image":{"@id":"https:\/\/www.calex.com.br\/blog\/encontre-os-melhores-perfis-para-drywall-na-calex\/#primaryimage"},"thumbnailUrl":"https:\/\/www.calex.com.br\/blog\/wp-content\/uploads\/2024\/11\/medium-shot-man-wearing-safety-helmet_23-2149366660.jpg","datePublished":"2024-11-22T14:21:38+00:00","dateModified":"2025-09-22T15:13:28+00:00","description":"Conhe\u00e7a os tipos de perfis para drywall e como escolher os ideais para sua obra. Descubra tamb\u00e9m as vantagens de escolher a Calex","breadcrumb":{"@id":"https:\/\/www.calex.com.br\/blog\/encontre-os-melhores-perfis-para-drywall-na-calex\/#breadcrumb"},"inLanguage":"pt-BR","potentialAction":[{"@type":"ReadAction","target":["https:\/\/www.calex.com.br\/blog\/encontre-os-melhores-perfis-para-drywall-na-calex\/"]}]},{"@type":"ImageObject","inLanguage":"pt-BR","@id":"https:\/\/www.calex.com.br\/blog\/encontre-os-melhores-perfis-para-drywall-na-calex\/#primaryimage","url":"https:\/\/www.calex.com.br\/blog\/wp-content\/uploads\/2024\/11\/medium-shot-man-wearing-safety-helmet_23-2149366660.jpg","contentUrl":"https:\/\/www.calex.com.br\/blog\/wp-content\/uploads\/2024\/11\/medium-shot-man-wearing-safety-helmet_23-2149366660.jpg","width":626,"height":417,"caption":"Encontre os melhores perfis para drywall na Calex"},{"@type":"BreadcrumbList","@id":"https:\/\/www.calex.com.br\/blog\/encontre-os-melhores-perfis-para-drywall-na-calex\/#breadcrumb","itemListElement":[{"@type":"ListItem","position":1,"name":"In\u00edcio","item":"https:\/\/www.calex.com.br\/blog\/"},{"@type":"ListItem","position":2,"name":"Encontre os melhores perfis para drywall na Calex"}]},{"@type":"WebSite","@id":"https:\/\/www.calex.com.br\/blog\/#website","url":"https:\/\/www.calex.com.br\/blog\/","name":"Calex Equipamentos Industriais","description":"blog - Calex","publisher":{"@id":"https:\/\/www.calex.com.br\/blog\/#organization"},"potentialAction":[{"@type":"SearchAction","target":{"@type":"EntryPoint","urlTemplate":"https:\/\/www.calex.com.br\/blog\/?s={search_term_string}"},"query-input":{"@type":"PropertyValueSpecification","valueRequired":true,"valueName":"search_term_string"}}],"inLanguage":"pt-BR"},{"@type":"Organization","@id":"https:\/\/www.calex.com.br\/blog\/#organization","name":"Calex Equipamentos Industriais","url":"https:\/\/www.calex.com.br\/blog\/","logo":{"@type":"ImageObject","inLanguage":"pt-BR","@id":"https:\/\/www.calex.com.br\/blog\/#\/schema\/logo\/image\/","url":"https:\/\/www.calex.com.br\/blog\/wp-content\/uploads\/2024\/01\/logo.png","contentUrl":"https:\/\/www.calex.com.br\/blog\/wp-content\/uploads\/2024\/01\/logo.png","width":357,"height":109,"caption":"Calex Equipamentos Industriais"},"image":{"@id":"https:\/\/www.calex.com.br\/blog\/#\/schema\/logo\/image\/"}},{"@type":"Person","@id":"https:\/\/www.calex.com.br\/blog\/#\/schema\/person\/c3e50679509addfb3c7d467293307ee7","name":"admin","image":{"@type":"ImageObject","inLanguage":"pt-BR","@id":"https:\/\/www.calex.com.br\/blog\/#\/schema\/person\/image\/","url":"https:\/\/secure.gravatar.com\/avatar\/94d94992e5dcccff24919365b24c228f2dc818bb6650ab086de97177901f17db?s=96&d=mm&r=g","contentUrl":"https:\/\/secure.gravatar.com\/avatar\/94d94992e5dcccff24919365b24c228f2dc818bb6650ab086de97177901f17db?s=96&d=mm&r=g","caption":"admin"},"sameAs":["https:\/\/www.calex.com.br\/blog"],"url":"https:\/\/www.calex.com.br\/blog\/author\/admin\/"}]}},"modified_by":"admin","_links":{"self":[{"href":"https:\/\/www.calex.com.br\/blog\/wp-json\/wp\/v2\/posts\/199","targetHints":{"allow":["GET"]}}],"collection":[{"href":"https:\/\/www.calex.com.br\/blog\/wp-json\/wp\/v2\/posts"}],"about":[{"href":"https:\/\/www.calex.com.br\/blog\/wp-json\/wp\/v2\/types\/post"}],"author":[{"embeddable":true,"href":"https:\/\/www.calex.com.br\/blog\/wp-json\/wp\/v2\/users\/1"}],"replies":[{"embeddable":true,"href":"https:\/\/www.calex.com.br\/blog\/wp-json\/wp\/v2\/comments?post=199"}],"version-history":[{"count":2,"href":"https:\/\/www.calex.com.br\/blog\/wp-json\/wp\/v2\/posts\/199\/revisions"}],"predecessor-version":[{"id":338,"href":"https:\/\/www.calex.com.br\/blog\/wp-json\/wp\/v2\/posts\/199\/revisions\/338"}],"wp:featuredmedia":[{"embeddable":true,"href":"https:\/\/www.calex.com.br\/blog\/wp-json\/wp\/v2\/media\/200"}],"wp:attachment":[{"href":"https:\/\/www.calex.com.br\/blog\/wp-json\/wp\/v2\/media?parent=199"}],"wp:term":[{"taxonomy":"category","embeddable":true,"href":"https:\/\/www.calex.com.br\/blog\/wp-json\/wp\/v2\/categories?post=199"},{"taxonomy":"post_tag","embeddable":true,"href":"https:\/\/www.calex.com.br\/blog\/wp-json\/wp\/v2\/tags?post=199"}],"curies":[{"name":"wp","href":"https:\/\/api.w.org\/{rel}","templated":true}]}}