{"id":400,"date":"2026-02-04T10:59:53","date_gmt":"2026-02-04T13:59:53","guid":{"rendered":"https:\/\/www.calex.com.br\/blog\/?p=400"},"modified":"2026-02-04T11:00:54","modified_gmt":"2026-02-04T14:00:54","slug":"calhas-e-rufos-sob-medida-conheca-o-fabricante-ideal-no-abc","status":"publish","type":"post","link":"https:\/\/www.calex.com.br\/blog\/calhas-e-rufos-sob-medida-conheca-o-fabricante-ideal-no-abc\/","title":{"rendered":"Calhas e rufos sob medida: conhe\u00e7a o fabricante ideal no ABC"},"content":{"rendered":"<span class=\"span-reading-time rt-reading-time\" style=\"display: block;\"><span class=\"rt-label rt-prefix\">Tempo de leitura:<\/span> <span class=\"rt-time\"> 4<\/span> <span class=\"rt-label rt-postfix\">minutos<\/span><\/span>\n<p class=\"has-medium-font-size\"><strong><br><\/strong><strong>Calhas e rufos sob medida com alta durabilidade e qualidade. Descubra o fabricante ideal e solicite um or\u00e7amento personalizado no ABC.<\/strong><\/p>\n\n\n\n<p>As <strong>calhas e rufos sob medida<\/strong> s\u00e3o componentes indispens\u00e1veis em qualquer constru\u00e7\u00e3o \u2014 seja residencial, comercial ou industrial. Eles desempenham papel crucial na drenagem da \u00e1gua da chuva e na prote\u00e7\u00e3o das estruturas contra infiltra\u00e7\u00f5es e umidade.&nbsp;<\/p>\n\n\n\n<p>Mas, para garantir efici\u00eancia e durabilidade, \u00e9 fundamental contar com um <strong>fabricante de calhas e rufos<\/strong> que ofere\u00e7a solu\u00e7\u00f5es personalizadas, qualidade e atendimento especializado.<\/p>\n\n\n\n<p>Quando o produto \u00e9 feito sob medida, o encaixe \u00e9 perfeito, o acabamento fica impec\u00e1vel e o resultado final traz mais seguran\u00e7a e valoriza\u00e7\u00e3o \u00e0 obra.&nbsp;<\/p>\n\n\n\n<p>Por isso, antes de escolher onde comprar, vale entender o que diferencia um bom fabricante e quais vantagens um produto personalizado pode oferecer.<\/p>\n\n\n\n<ul class=\"wp-block-list\">\n<li><a href=\"https:\/\/www.calex.com.br\/blog\/instalacao-de-coifa-industrial-quais-sao-as-normas-e-exigencias\/\">Instala\u00e7\u00e3o de coifa industrial: quais s\u00e3o as normas e exig\u00eancias<\/a><\/li>\n<\/ul>\n\n\n\n<div id=\"ez-toc-container\" class=\"ez-toc-v2_0_77 counter-hierarchy ez-toc-counter ez-toc-grey ez-toc-container-direction\">\n<div class=\"ez-toc-title-container\">\n<p class=\"ez-toc-title\" style=\"cursor:inherit\">T\u00f3picos do artigo<\/p>\n<span class=\"ez-toc-title-toggle\"><a href=\"#\" class=\"ez-toc-pull-right ez-toc-btn ez-toc-btn-xs ez-toc-btn-default ez-toc-toggle\" aria-label=\"Alternar tabela de conte\u00fado\"><span class=\"ez-toc-js-icon-con\"><span class=\"\"><span class=\"eztoc-hide\" style=\"display:none;\">Toggle<\/span><span class=\"ez-toc-icon-toggle-span\"><svg style=\"fill: #999;color:#999\" xmlns=\"http:\/\/www.w3.org\/2000\/svg\" class=\"list-377408\" width=\"20px\" height=\"20px\" viewBox=\"0 0 24 24\" fill=\"none\"><path d=\"M6 6H4v2h2V6zm14 0H8v2h12V6zM4 11h2v2H4v-2zm16 0H8v2h12v-2zM4 16h2v2H4v-2zm16 0H8v2h12v-2z\" fill=\"currentColor\"><\/path><\/svg><svg style=\"fill: #999;color:#999\" class=\"arrow-unsorted-368013\" xmlns=\"http:\/\/www.w3.org\/2000\/svg\" width=\"10px\" height=\"10px\" viewBox=\"0 0 24 24\" version=\"1.2\" baseProfile=\"tiny\"><path d=\"M18.2 9.3l-6.2-6.3-6.2 6.3c-.2.2-.3.4-.3.7s.1.5.3.7c.2.2.4.3.7.3h11c.3 0 .5-.1.7-.3.2-.2.3-.5.3-.7s-.1-.5-.3-.7zM5.8 14.7l6.2 6.3 6.2-6.3c.2-.2.3-.5.3-.7s-.1-.5-.3-.7c-.2-.2-.4-.3-.7-.3h-11c-.3 0-.5.1-.7.3-.2.2-.3.5-.3.7s.1.5.3.7z\"\/><\/svg><\/span><\/span><\/span><\/a><\/span><\/div>\n<nav><ul class='ez-toc-list ez-toc-list-level-1 ' ><li class='ez-toc-page-1 ez-toc-heading-level-2'><a class=\"ez-toc-link ez-toc-heading-1\" href=\"https:\/\/www.calex.com.br\/blog\/calhas-e-rufos-sob-medida-conheca-o-fabricante-ideal-no-abc\/#Porque_escolher_calhas_e_rufos_sob_medida\" >Porque escolher calhas e rufos sob medida<\/a><\/li><li class='ez-toc-page-1 ez-toc-heading-level-2'><a class=\"ez-toc-link ez-toc-heading-2\" href=\"https:\/\/www.calex.com.br\/blog\/calhas-e-rufos-sob-medida-conheca-o-fabricante-ideal-no-abc\/#Modelos_de_calhas_variedade_e_funcionalidade\" >Modelos de calhas: variedade e funcionalidade<\/a><\/li><li class='ez-toc-page-1 ez-toc-heading-level-2'><a class=\"ez-toc-link ez-toc-heading-3\" href=\"https:\/\/www.calex.com.br\/blog\/calhas-e-rufos-sob-medida-conheca-o-fabricante-ideal-no-abc\/#Tipos_de_rufos_e_suas_aplicacoes\" >Tipos de rufos e suas aplica\u00e7\u00f5es<\/a><\/li><li class='ez-toc-page-1 ez-toc-heading-level-2'><a class=\"ez-toc-link ez-toc-heading-4\" href=\"https:\/\/www.calex.com.br\/blog\/calhas-e-rufos-sob-medida-conheca-o-fabricante-ideal-no-abc\/#Como_escolher_o_fabricante_ideal\" >Como escolher o fabricante ideal<\/a><\/li><li class='ez-toc-page-1 ez-toc-heading-level-2'><a class=\"ez-toc-link ez-toc-heading-5\" href=\"https:\/\/www.calex.com.br\/blog\/calhas-e-rufos-sob-medida-conheca-o-fabricante-ideal-no-abc\/#Calex_referencia_em_calhas_e_rufos_sob_medida_no_ABC\" >Calex: refer\u00eancia em calhas e rufos sob medida no ABC<\/a><ul class='ez-toc-list-level-3' ><li class='ez-toc-heading-level-3'><a class=\"ez-toc-link ez-toc-heading-6\" href=\"https:\/\/www.calex.com.br\/blog\/calhas-e-rufos-sob-medida-conheca-o-fabricante-ideal-no-abc\/#Por_que_escolher_a_Calex\" >Por que escolher a Calex?<\/a><\/li><li class='ez-toc-page-1 ez-toc-heading-level-3'><a class=\"ez-toc-link ez-toc-heading-7\" href=\"https:\/\/www.calex.com.br\/blog\/calhas-e-rufos-sob-medida-conheca-o-fabricante-ideal-no-abc\/#Calhas_e_rufos_sob_medida_com_qualidade_garantida_no_ABC\" >Calhas e rufos sob medida com qualidade garantida no ABC<\/a><\/li><\/ul><\/li><\/ul><\/nav><\/div>\n<h2 class=\"wp-block-heading\"><span class=\"ez-toc-section\" id=\"Porque_escolher_calhas_e_rufos_sob_medida\"><\/span><strong>Porque escolher calhas e rufos sob medida<\/strong><span class=\"ez-toc-section-end\"><\/span><\/h2>\n\n\n\n<p>Optar por <strong>calhas e rufos sob medida<\/strong> \u00e9 investir em um sistema eficiente e duradouro de prote\u00e7\u00e3o contra os danos causados pela \u00e1gua. Pe\u00e7as ajustadas ao projeto garantem melhor escoamento da chuva e evitam infiltra\u00e7\u00f5es que comprometem telhados e paredes.<\/p>\n\n\n\n<p>Al\u00e9m disso, o produto sob medida elimina improvisos, reduz desperd\u00edcios e oferece acabamento mais est\u00e9tico, algo essencial em fachadas modernas e constru\u00e7\u00f5es de alto padr\u00e3o.<\/p>\n\n\n\n<p>Em obras industriais ou comerciais, onde a metragem e o volume de \u00e1gua s\u00e3o maiores, o dimensionamento preciso \u00e9 indispens\u00e1vel para garantir o funcionamento correto do sistema.<\/p>\n\n\n\n<h2 class=\"wp-block-heading\"><span class=\"ez-toc-section\" id=\"Modelos_de_calhas_variedade_e_funcionalidade\"><\/span><strong>Modelos de calhas: variedade e funcionalidade<\/strong><span class=\"ez-toc-section-end\"><\/span><\/h2>\n\n\n\n<p>Existem diversos tipos de calhas adaptadas a diferentes estilos de constru\u00e7\u00e3o. A escolha correta depende da estrutura e da est\u00e9tica desejada.<br>Entre os principais modelos, destacam-se:<\/p>\n\n\n\n<ul class=\"wp-block-list\">\n<li><strong>Calha moldura americana ou colonial<\/strong> \u2013 ideal para projetos residenciais com acabamento cl\u00e1ssico.<\/li>\n\n\n\n<li><strong>Calha platibanda<\/strong> \u2013 usada em constru\u00e7\u00f5es com paredes externas altas, muito comum em com\u00e9rcios e galp\u00f5es.<\/li>\n\n\n\n<li><strong>Calha quadrada<\/strong> \u2013 pr\u00e1tica e moderna, indicada para obras contempor\u00e2neas.<\/li>\n\n\n\n<li><strong>Calha para \u00e1gua furtada<\/strong> \u2013 instalada em telhados embutidos para captar \u00e1gua de \u00e1reas internas.<\/li>\n<\/ul>\n\n\n\n<p>Todas essas op\u00e7\u00f5es podem ser produzidas sob medida, com varia\u00e7\u00e3o no material e na espessura, garantindo que o resultado atenda perfeitamente \u00e0s necessidades do projeto.<\/p>\n\n\n\n<figure class=\"wp-block-image size-full is-resized is-style-rounded\"><img loading=\"lazy\" decoding=\"async\" width=\"626\" height=\"470\" src=\"https:\/\/www.calex.com.br\/blog\/wp-content\/uploads\/2024\/11\/ventilation-duct-building-roof_1387-548.jpg\" alt=\"Calhas industriais: tudo o que voc\u00ea precisa saber para escolher a ideal e garantir a seguran\u00e7a da sua instala\u00e7\u00e3o\" class=\"wp-image-196\" style=\"width:374px;height:auto\"\/><\/figure>\n\n\n\n<h2 class=\"wp-block-heading\"><span class=\"ez-toc-section\" id=\"Tipos_de_rufos_e_suas_aplicacoes\"><\/span><strong>Tipos de rufos e suas aplica\u00e7\u00f5es<\/strong><span class=\"ez-toc-section-end\"><\/span><\/h2>\n\n\n\n<p>Assim como as calhas, os <strong>rufos sob medida<\/strong> s\u00e3o pe\u00e7as essenciais para proteger as jun\u00e7\u00f5es entre telhados e paredes. Eles impedem que a \u00e1gua escorra para o interior da edifica\u00e7\u00e3o, evitando infiltra\u00e7\u00f5es e danos estruturais.<\/p>\n\n\n\n<p>Os modelos mais utilizados incluem:<\/p>\n\n\n\n<ul class=\"wp-block-list\">\n<li><strong>Rufo interno<\/strong> \u2013 protege a liga\u00e7\u00e3o entre o telhado e paredes internas.<\/li>\n\n\n\n<li><strong>Rufo externo<\/strong> \u2013 instalado na parte externa do telhado, oferecendo prote\u00e7\u00e3o adicional.<\/li>\n\n\n\n<li><strong>Rufo pingadeira<\/strong> \u2013 evita que a \u00e1gua escorra pelas paredes, preservando a pintura e o revestimento.<\/li>\n<\/ul>\n\n\n\n<p>Quando fabricados sob medida, os rufos se encaixam perfeitamente nas superf\u00edcies, garantindo m\u00e1xima veda\u00e7\u00e3o e um visual mais limpo e profissional.<\/p>\n\n\n\n<h2 class=\"wp-block-heading\"><span class=\"ez-toc-section\" id=\"Como_escolher_o_fabricante_ideal\"><\/span><strong>Como escolher o fabricante ideal<\/strong><span class=\"ez-toc-section-end\"><\/span><\/h2>\n\n\n\n<p>Encontrar o <strong>fabricante de calhas e rufos sob medida<\/strong> certo faz toda diferen\u00e7a. O ideal \u00e9 escolher uma empresa que combine experi\u00eancia, qualidade nos materiais e flexibilidade na produ\u00e7\u00e3o.<\/p>\n\n\n\n<p>Antes de fechar o pedido, avalie alguns fatores importantes:<\/p>\n\n\n\n<ol class=\"wp-block-list\">\n<li><strong>Mat\u00e9ria-prima:<\/strong> prefira chapas galvanizadas, de alum\u00ednio ou galvalume, que oferecem resist\u00eancia \u00e0 corros\u00e3o.<\/li>\n\n\n\n<li><strong>Espessura:<\/strong> o fabricante deve trabalhar com varia\u00e7\u00f5es de 0,40mm a 2mm, adaptando cada pe\u00e7a \u00e0 estrutura da obra.<\/li>\n\n\n\n<li><strong>Garantia:<\/strong> produtos com garantia asseguram a durabilidade e o desempenho das pe\u00e7as.<\/li>\n\n\n\n<li><strong>Atendimento:<\/strong> o suporte t\u00e9cnico \u00e9 fundamental para orientar o cliente sobre o modelo ideal e a melhor instala\u00e7\u00e3o.<\/li>\n<\/ol>\n\n\n\n<p>Empresas com produ\u00e7\u00e3o sob medida e atendimento pr\u00f3ximo ao cliente garantem mais precis\u00e3o e satisfa\u00e7\u00e3o no resultado final.<\/p>\n\n\n\n<ul class=\"wp-block-list\">\n<li><a href=\"https:\/\/www.calex.com.br\/blog\/fabricante-de-rufos-em-sao-paulo-conheca-a-calex\/\">Fabricante de rufos em S\u00e3o Paulo: conhe\u00e7a a Calex<\/a><\/li>\n<\/ul>\n\n\n\n<h2 class=\"wp-block-heading\"><span class=\"ez-toc-section\" id=\"Calex_referencia_em_calhas_e_rufos_sob_medida_no_ABC\"><\/span><strong>Calex: refer\u00eancia em calhas e rufos sob medida no ABC<\/strong><span class=\"ez-toc-section-end\"><\/span><\/h2>\n\n\n\n<p>A <strong>Calex<\/strong> \u00e9 refer\u00eancia na fabrica\u00e7\u00e3o de <strong>calhas e rufos sob medida<\/strong> no ABC e em toda a regi\u00e3o de S\u00e3o Paulo. A empresa produz pe\u00e7as em <strong>chapa galvanizada, alum\u00ednio ou galvalume<\/strong>, com espessuras de <strong>0,40mm a 2mm<\/strong> e <strong>comprimentos de at\u00e9 4 metros<\/strong>.<\/p>\n\n\n\n<p>Seus produtos s\u00e3o reconhecidos pela <strong>alta qualidade e garantia de 1 ano<\/strong>, oferecendo seguran\u00e7a, durabilidade e \u00f3timo custo-benef\u00edcio.<\/p>\n\n\n\n<p>Entre os principais modelos fabricados pela Calex est\u00e3o:<\/p>\n\n\n\n<ul class=\"wp-block-list\">\n<li><strong>Calha moldura americana<\/strong><\/li>\n\n\n\n<li><strong>Calha moldura colonial<\/strong><\/li>\n\n\n\n<li><strong>Calha platibanda<\/strong><\/li>\n\n\n\n<li><strong>Calha quadrada<\/strong><\/li>\n\n\n\n<li><strong>Calha \u00e1gua furtada<\/strong><\/li>\n\n\n\n<li><strong>Rufo interno, externo e rufo pingadeira<\/strong><\/li>\n<\/ul>\n\n\n\n<p>Al\u00e9m da variedade, o diferencial da Calex est\u00e1 no atendimento personalizado e na capacidade de desenvolver <strong>solu\u00e7\u00f5es sob medida para cada tipo de constru\u00e7\u00e3o<\/strong>, seja uma casa, uma empresa ou uma grande ind\u00fastria.<\/p>\n\n\n\n<h3 class=\"wp-block-heading\"><span class=\"ez-toc-section\" id=\"Por_que_escolher_a_Calex\"><\/span><strong>Por que escolher a Calex?<\/strong><span class=\"ez-toc-section-end\"><\/span><\/h3>\n\n\n\n<p>A escolha da Calex como fabricante traz uma s\u00e9rie de vantagens competitivas:<\/p>\n\n\n\n<ul class=\"wp-block-list\">\n<li><strong>Personaliza\u00e7\u00e3o total:<\/strong> cada pe\u00e7a \u00e9 feita conforme as medidas do projeto.<\/li>\n\n\n\n<li><strong>Qualidade garantida:<\/strong> materiais resistentes, acabamento preciso e longa vida \u00fatil.<\/li>\n\n\n\n<li><strong>Atendimento especializado:<\/strong> equipe t\u00e9cnica pronta para orientar sobre o melhor modelo e material.<\/li>\n\n\n\n<li><strong>Entrega r\u00e1pida:<\/strong> produ\u00e7\u00e3o eficiente e cumprimento rigoroso dos prazos.<\/li>\n<\/ul>\n\n\n\n<p>Com foco em <strong>clientes, empresas e ind\u00fastrias do ABC<\/strong>, a Calex se consolidou como <strong>a melhor f\u00e1brica de calhas e rufos sob medida da regi\u00e3o<\/strong>, oferecendo produtos que unem tecnologia, precis\u00e3o e confian\u00e7a.<\/p>\n\n\n\n<h3 class=\"wp-block-heading\"><span class=\"ez-toc-section\" id=\"Calhas_e_rufos_sob_medida_com_qualidade_garantida_no_ABC\"><\/span><strong>Calhas e rufos sob medida com qualidade garantida no ABC<\/strong><span class=\"ez-toc-section-end\"><\/span><\/h3>\n\n\n\n<p>Investir em <strong>calhas e rufos sob medida<\/strong> \u00e9 uma decis\u00e3o que traz retorno em longo prazo. Pe\u00e7as bem fabricadas protegem a constru\u00e7\u00e3o, valorizam o im\u00f3vel e evitam custos com manuten\u00e7\u00e3o.<\/p>\n\n\n\n<p>A <strong>Calex<\/strong> se destaca no mercado por unir <strong>qualidade, variedade e atendimento personalizado<\/strong>, atendendo com excel\u00eancia clientes do <strong>ABC e de toda S\u00e3o Paulo<\/strong>.<\/p>\n\n\n\n<p><strong>Quer garantir o melhor resultado para sua obra? Entre em contato com a Calex e solicite um or\u00e7amento sem compromisso.<\/strong><\/p>\n\n\n\n<ul class=\"wp-block-list\">\n<li><a href=\"https:\/\/www.calex.com.br\/blog\/saiba-onde-encontrar-um-fabricante-de-calhas-em-sao-paulo\/\">Saiba onde encontrar um fabricante de calhas em S\u00e3o Paulo<br><\/a><\/li>\n<\/ul>\n","protected":false},"excerpt":{"rendered":"<p><span class=\"span-reading-time rt-reading-time\" style=\"display: block;\"><span class=\"rt-label rt-prefix\">Tempo de leitura:<\/span> <span class=\"rt-time\"> 4<\/span> <span class=\"rt-label rt-postfix\">minutos<\/span><\/span>Calhas e rufos sob medida com alta durabilidade e qualidade. Descubra o fabricante ideal e solicite um or\u00e7amento personalizado no ABC. As calhas e rufos sob medida s\u00e3o componentes indispens\u00e1veis em qualquer constru\u00e7\u00e3o \u2014 seja residencial, comercial ou industrial. Eles &hellip; <\/p>\n","protected":false},"author":1,"featured_media":401,"comment_status":"open","ping_status":"open","sticky":false,"template":"","format":"standard","meta":{"_lmt_disableupdate":"","_lmt_disable":"","footnotes":""},"categories":[2381],"tags":[2397,648,2391,2382,2396,665,2384,2407,2411,2509,2507,2498,2511,2504,2493,2422,2420,2503,2496,2495,2508,2510,2502,2487,2497,2423,2500,2410,2488,2489,2421,2424,2484,2081,2486,535,2409,2501,2499,2494,2506,2505,2425,2416,2418,2414,2415,2419,2512,2490,2492,2417,2491,2406,2412,2408,2413,2395,2387,2390,2388,2435,2440,2451,2449,2452,2439,2067,2453,2450,2438,2437,2385,2454,2443,2447,2445,2444,2448,2446,2434,2441,2436,2442,2402,2430,2459,2403,2433,2460,2400,2427,2455,2392,2426,2456,2393,615,2399,2428,2457,2401,2429,2458,2404,2432,2462,2405,2431,2461,2398,2389,2464,2470,2481,2478,2482,2467,2479,2483,2480,2465,2466,2485,2473,2476,2474,2471,2477,2475,2463,2469,2468,2472,2383,2394,2386],"class_list":["post-400","post","type-post","status-publish","format-standard","has-post-thumbnail","hentry","category-calhas-e-rufos","tag-calhas-de-aluminio-sob-medida","tag-calhas-e-rufos-em-sao-paulo","tag-calhas-e-rufos-galvalume","tag-calhas-e-rufos-no-abc","tag-calhas-e-rufos-para-construcao-civil","tag-calhas-e-rufos-proximo-a-mim","tag-calhas-e-rufos-sob-medida","tag-calhas-e-rufos-sob-medida-comprar","tag-calhas-e-rufos-sob-medida-direto-da-fabrica","tag-calhas-e-rufos-sob-medida-em-bairro-anchieta","tag-calhas-e-rufos-sob-medida-em-bairro-campestre","tag-calhas-e-rufos-sob-medida-em-bairro-dos-casa","tag-calhas-e-rufos-sob-medida-em-bairro-ferrazopolis","tag-calhas-e-rufos-sob-medida-em-bairro-santa-terezinha","tag-calhas-e-rufos-sob-medida-em-campestre","tag-calhas-e-rufos-sob-medida-em-diadema","tag-calhas-e-rufos-sob-medida-em-guarulhos","tag-calhas-e-rufos-sob-medida-em-jardim-alzira-franco","tag-calhas-e-rufos-sob-medida-em-jardim-das-maravilhas","tag-calhas-e-rufos-sob-medida-em-jardim-do-mar","tag-calhas-e-rufos-sob-medida-em-jardim-las-vegas","tag-calhas-e-rufos-sob-medida-em-jardim-santo-alberto","tag-calhas-e-rufos-sob-medida-em-jardim-utinga","tag-calhas-e-rufos-sob-medida-em-maua","tag-calhas-e-rufos-sob-medida-em-nova-petropolis","tag-calhas-e-rufos-sob-medida-em-osasco","tag-calhas-e-rufos-sob-medida-em-parque-das-nacoes","tag-calhas-e-rufos-sob-medida-em-promocao","tag-calhas-e-rufos-sob-medida-em-ribeirao-pires","tag-calhas-e-rufos-sob-medida-em-rio-grande-da-serra","tag-calhas-e-rufos-sob-medida-em-santo-andre","tag-calhas-e-rufos-sob-medida-em-sao-bernardo","tag-calhas-e-rufos-sob-medida-em-sao-bernardo-do-campo","tag-calhas-e-rufos-sob-medida-em-sao-caetano","tag-calhas-e-rufos-sob-medida-em-sao-caetano-do-sul","tag-calhas-e-rufos-sob-medida-em-sao-paulo","tag-calhas-e-rufos-sob-medida-em-sp","tag-calhas-e-rufos-sob-medida-em-vila-bastos","tag-calhas-e-rufos-sob-medida-em-vila-gilda","tag-calhas-e-rufos-sob-medida-em-vila-luzita","tag-calhas-e-rufos-sob-medida-em-vila-pires","tag-calhas-e-rufos-sob-medida-em-vila-valparaiso","tag-calhas-e-rufos-sob-medida-na-baixada-santista","tag-calhas-e-rufos-sob-medida-na-zona-leste","tag-calhas-e-rufos-sob-medida-na-zona-norte","tag-calhas-e-rufos-sob-medida-na-zona-oeste","tag-calhas-e-rufos-sob-medida-na-zona-sul","tag-calhas-e-rufos-sob-medida-no-abc","tag-calhas-e-rufos-sob-medida-no-abc-paulista","tag-calhas-e-rufos-sob-medida-no-bairro-assuncao","tag-calhas-e-rufos-sob-medida-no-bairro-rudge-ramos","tag-calhas-e-rufos-sob-medida-no-centro","tag-calhas-e-rufos-sob-medida-no-grande-abc","tag-calhas-e-rufos-sob-medida-onde-encontrar","tag-calhas-e-rufos-sob-medida-perto-de-mim","tag-calhas-e-rufos-sob-medida-preco","tag-calhas-e-rufos-sob-medida-proximo-a-mim","tag-calhas-industriais-sob-medida","tag-calhas-moldura-americana","tag-calhas-moldura-colonial","tag-calhas-platibanda-abc","tag-calhas-sob-medida-comprar","tag-calhas-sob-medida-direto-da-fabrica","tag-calhas-sob-medida-em-diadema","tag-calhas-sob-medida-em-guarulhos","tag-calhas-sob-medida-em-osasco","tag-calhas-sob-medida-em-promocao","tag-calhas-sob-medida-em-santo-andre","tag-calhas-sob-medida-em-sao-bernardo","tag-calhas-sob-medida-em-sao-caetano","tag-calhas-sob-medida-em-sao-paulo","tag-calhas-sob-medida-em-sp","tag-calhas-sob-medida-galvanizadas","tag-calhas-sob-medida-na-baixada-santista","tag-calhas-sob-medida-na-zona-leste","tag-calhas-sob-medida-na-zona-norte","tag-calhas-sob-medida-na-zona-oeste","tag-calhas-sob-medida-na-zona-sul","tag-calhas-sob-medida-no-abc","tag-calhas-sob-medida-no-centro","tag-calhas-sob-medida-onde-encontrar","tag-calhas-sob-medida-perto-de-mim","tag-calhas-sob-medida-preco","tag-calhas-sob-medida-proximo-a-mim","tag-distribuidor-de-calhas-e-rufos-sob-medida","tag-distribuidor-de-calhas-sob-medida","tag-distribuidor-de-rufo-sob-medida","tag-distribuidora-de-calhas-e-rufos-sob-medida","tag-distribuidora-de-calhas-sob-medida","tag-distribuidora-de-rufo-sob-medida","tag-empresa-de-calhas-e-rufos-sob-medida","tag-empresa-de-calhas-sob-medida","tag-empresa-de-rufo-sob-medida","tag-fabrica-de-calhas-e-rufos-sob-medida","tag-fabrica-de-calhas-sob-medida-2","tag-fabrica-de-rufo-sob-medida","tag-fabricante-calex-abc","tag-fabricante-de-calhas-e-rufos","tag-fabricante-de-calhas-e-rufos-sob-medida","tag-fabricante-de-calhas-sob-medida","tag-fabricante-de-rufo-sob-medida","tag-fornecedor-de-calhas-e-rufos-sob-medida","tag-fornecedor-de-calhas-sob-medida","tag-fornecedor-de-rufo-sob-medida","tag-loja-de-calhas-e-rufos-sob-medida","tag-loja-de-calhas-sob-medida","tag-loja-de-rufo-sob-medida","tag-revendedor-de-calhas-e-rufos-sob-medida","tag-revendedor-de-calhas-sob-medida","tag-revendedor-de-rufo-sob-medida","tag-rufo-externo-galvanizado","tag-rufo-pingadeira-sao-paulo","tag-rufo-sob-medida-comprar","tag-rufo-sob-medida-direto-da-fabrica","tag-rufo-sob-medida-em-diadema","tag-rufo-sob-medida-em-guarulhos","tag-rufo-sob-medida-em-osasco","tag-rufo-sob-medida-em-promocao","tag-rufo-sob-medida-em-santo-andre","tag-rufo-sob-medida-em-sao-bernardo","tag-rufo-sob-medida-em-sao-caetano","tag-rufo-sob-medida-em-sao-paulo","tag-rufo-sob-medida-em-sp","tag-rufo-sob-medida-na-baixada-santista","tag-rufo-sob-medida-na-zona-leste","tag-rufo-sob-medida-na-zona-norte","tag-rufo-sob-medida-na-zona-oeste","tag-rufo-sob-medida-na-zona-sul","tag-rufo-sob-medida-no-abc","tag-rufo-sob-medida-no-centro","tag-rufo-sob-medida-onde-encontrar","tag-rufo-sob-medida-perto-de-mim","tag-rufo-sob-medida-preco","tag-rufo-sob-medida-proximo-a-mim","tag-rufos-e-calhas-perto-de-mim","tag-rufos-personalizados","tag-rufos-sob-medida-de-aluminio","latest_post"],"yoast_head":"<!-- This site is optimized with the Yoast SEO plugin v26.4 - https:\/\/yoast.com\/wordpress\/plugins\/seo\/ -->\n<title>Calhas e rufos sob medida: conhe\u00e7a o fabricante ideal no ABC - Calex Equipamentos Industriais<\/title>\n<meta name=\"description\" content=\"Calhas e rufos sob medida com alta durabilidade e qualidade. Descubra o fabricante ideal e solicite um or\u00e7amento personalizado no ABC.\" \/>\n<meta name=\"robots\" content=\"index, follow, max-snippet:-1, max-image-preview:large, max-video-preview:-1\" \/>\n<link rel=\"canonical\" href=\"https:\/\/www.calex.com.br\/blog\/calhas-e-rufos-sob-medida-conheca-o-fabricante-ideal-no-abc\/\" \/>\n<meta property=\"og:locale\" content=\"pt_BR\" \/>\n<meta property=\"og:type\" content=\"article\" \/>\n<meta property=\"og:title\" content=\"Calhas e rufos sob medida: conhe\u00e7a o fabricante ideal no ABC - Calex Equipamentos Industriais\" \/>\n<meta property=\"og:description\" content=\"Calhas e rufos sob medida com alta durabilidade e qualidade. Descubra o fabricante ideal e solicite um or\u00e7amento personalizado no ABC.\" \/>\n<meta property=\"og:url\" content=\"https:\/\/www.calex.com.br\/blog\/calhas-e-rufos-sob-medida-conheca-o-fabricante-ideal-no-abc\/\" \/>\n<meta property=\"og:site_name\" content=\"Calex Equipamentos Industriais\" \/>\n<meta property=\"article:published_time\" content=\"2026-02-04T13:59:53+00:00\" \/>\n<meta property=\"article:modified_time\" content=\"2026-02-04T14:00:54+00:00\" \/>\n<meta property=\"og:image\" content=\"https:\/\/www.calex.com.br\/blog\/wp-content\/uploads\/2026\/02\/Gemini_Generated_Image_ykgscgykgscgykgs.jpg\" \/>\n\t<meta property=\"og:image:width\" content=\"720\" \/>\n\t<meta property=\"og:image:height\" content=\"720\" \/>\n\t<meta property=\"og:image:type\" content=\"image\/jpeg\" \/>\n<meta name=\"author\" content=\"admin\" \/>\n<meta name=\"twitter:card\" content=\"summary_large_image\" \/>\n<meta name=\"twitter:label1\" content=\"Escrito por\" \/>\n\t<meta name=\"twitter:data1\" content=\"admin\" \/>\n\t<meta name=\"twitter:label2\" content=\"Est. tempo de leitura\" \/>\n\t<meta name=\"twitter:data2\" content=\"6 minutos\" \/>\n<script type=\"application\/ld+json\" class=\"yoast-schema-graph\">{\"@context\":\"https:\/\/schema.org\",\"@graph\":[{\"@type\":\"Article\",\"@id\":\"https:\/\/www.calex.com.br\/blog\/calhas-e-rufos-sob-medida-conheca-o-fabricante-ideal-no-abc\/#article\",\"isPartOf\":{\"@id\":\"https:\/\/www.calex.com.br\/blog\/calhas-e-rufos-sob-medida-conheca-o-fabricante-ideal-no-abc\/\"},\"author\":{\"name\":\"admin\",\"@id\":\"https:\/\/www.calex.com.br\/blog\/#\/schema\/person\/c3e50679509addfb3c7d467293307ee7\"},\"headline\":\"Calhas e rufos sob medida: conhe\u00e7a o fabricante ideal no ABC\",\"datePublished\":\"2026-02-04T13:59:53+00:00\",\"dateModified\":\"2026-02-04T14:00:54+00:00\",\"mainEntityOfPage\":{\"@id\":\"https:\/\/www.calex.com.br\/blog\/calhas-e-rufos-sob-medida-conheca-o-fabricante-ideal-no-abc\/\"},\"wordCount\":998,\"commentCount\":0,\"publisher\":{\"@id\":\"https:\/\/www.calex.com.br\/blog\/#organization\"},\"image\":{\"@id\":\"https:\/\/www.calex.com.br\/blog\/calhas-e-rufos-sob-medida-conheca-o-fabricante-ideal-no-abc\/#primaryimage\"},\"thumbnailUrl\":\"https:\/\/www.calex.com.br\/blog\/wp-content\/uploads\/2026\/02\/Gemini_Generated_Image_ykgscgykgscgykgs.jpg\",\"keywords\":[\"calhas de alum\u00ednio sob medida\",\"calhas e rufos em s\u00e3o paulo\",\"calhas e rufos galvalume\",\"calhas e rufos no ABC\",\"calhas e rufos para constru\u00e7\u00e3o civil\",\"calhas e rufos pr\u00f3ximo a mim\",\"calhas e rufos sob medida\",\"calhas e rufos sob medida comprar\",\"calhas e rufos sob medida direto da f\u00e1brica\",\"calhas e rufos sob medida em Bairro Anchieta\",\"calhas e rufos sob medida em Bairro Campestre\",\"calhas e rufos sob medida em Bairro dos Casa\",\"calhas e rufos sob medida em Bairro Ferraz\u00f3polis\",\"calhas e rufos sob medida em Bairro Santa Terezinha\",\"calhas e rufos sob medida em Campestre\",\"calhas e rufos sob medida em Diadema\",\"calhas e rufos sob medida em Guarulhos\",\"calhas e rufos sob medida em Jardim Alzira Franco\",\"calhas e rufos sob medida em Jardim das Maravilhas\",\"calhas e rufos sob medida em Jardim do Mar\",\"calhas e rufos sob medida em Jardim Las Vegas\",\"calhas e rufos sob medida em Jardim Santo Alberto\",\"calhas e rufos sob medida em Jardim Utinga\",\"calhas e rufos sob medida em Mau\u00e1\",\"calhas e rufos sob medida em Nova Petr\u00f3polis\",\"calhas e rufos sob medida em Osasco\",\"calhas e rufos sob medida em Parque das Na\u00e7\u00f5es\",\"calhas e rufos sob medida em promo\u00e7\u00e3o\",\"calhas e rufos sob medida em Ribeir\u00e3o Pires\",\"calhas e rufos sob medida em Rio Grande da Serra\",\"calhas e rufos sob medida em Santo Andr\u00e9\",\"calhas e rufos sob medida em S\u00e3o Bernardo\",\"calhas e rufos sob medida em S\u00e3o Bernardo do Campo\",\"calhas e rufos sob medida em S\u00e3o Caetano\",\"calhas e rufos sob medida em S\u00e3o Caetano do Sul\",\"Calhas e rufos sob medida em S\u00e3o Paulo\",\"calhas e rufos sob medida em sp\",\"calhas e rufos sob medida em Vila Bastos\",\"calhas e rufos sob medida em Vila Gilda\",\"calhas e rufos sob medida em Vila Luzita\",\"calhas e rufos sob medida em Vila Pires\",\"calhas e rufos sob medida em Vila Valpara\u00edso\",\"calhas e rufos sob medida na baixada santista\",\"calhas e rufos sob medida na zona leste\",\"calhas e rufos sob medida na zona norte\",\"calhas e rufos sob medida na zona oeste\",\"calhas e rufos sob medida na zona sul\",\"calhas e rufos sob medida no ABC\",\"calhas e rufos sob medida no ABC paulista\",\"calhas e rufos sob medida no bairro Assun\u00e7\u00e3o\",\"calhas e rufos sob medida no bairro Rudge Ramos\",\"calhas e rufos sob medida no centro\",\"calhas e rufos sob medida no Grande ABC\",\"calhas e rufos sob medida onde encontrar\",\"calhas e rufos sob medida perto de mim\",\"calhas e rufos sob medida pre\u00e7o\",\"calhas e rufos sob medida pr\u00f3ximo a mim\",\"calhas industriais sob medida\",\"calhas moldura americana\",\"calhas moldura colonial\",\"calhas platibanda ABC\",\"calhas sob medida comprar\",\"calhas sob medida direto da f\u00e1brica\",\"calhas sob medida em Diadema\",\"calhas sob medida em Guarulhos\",\"calhas sob medida em Osasco\",\"calhas sob medida em promo\u00e7\u00e3o\",\"calhas sob medida em Santo Andr\u00e9\",\"calhas sob medida em S\u00e3o Bernardo\",\"calhas sob medida em S\u00e3o Caetano\",\"calhas sob medida em s\u00e3o paulo\",\"calhas sob medida em sp\",\"calhas sob medida galvanizadas\",\"calhas sob medida na baixada santista\",\"calhas sob medida na zona leste\",\"calhas sob medida na zona norte\",\"calhas sob medida na zona oeste\",\"calhas sob medida na zona sul\",\"calhas sob medida no ABC\",\"calhas sob medida no centro\",\"calhas sob medida onde encontrar\",\"calhas sob medida perto de mim\",\"calhas sob medida pre\u00e7o\",\"calhas sob medida pr\u00f3ximo a mim\",\"distribuidor de calhas e rufos sob medida\",\"distribuidor de calhas sob medida\",\"distribuidor de rufo sob medida\",\"distribuidora de calhas e rufos sob medida\",\"distribuidora de calhas sob medida\",\"distribuidora de rufo sob medida\",\"empresa de calhas e rufos sob medida\",\"empresa de calhas sob medida\",\"empresa de rufo sob medida\",\"f\u00e1brica de calhas e rufos sob medida\",\"f\u00e1brica de calhas sob medida\",\"f\u00e1brica de rufo sob medida\",\"fabricante Calex ABC\",\"fabricante de calhas e rufos\",\"fabricante de calhas e rufos sob medida\",\"fabricante de calhas sob medida\",\"fabricante de rufo sob medida\",\"fornecedor de calhas e rufos sob medida\",\"fornecedor de calhas sob medida\",\"fornecedor de rufo sob medida\",\"loja de calhas e rufos sob medida\",\"loja de calhas sob medida\",\"loja de rufo sob medida\",\"revendedor de calhas e rufos sob medida\",\"revendedor de calhas sob medida\",\"revendedor de rufo sob medida\",\"rufo externo galvanizado\",\"rufo pingadeira S\u00e3o Paulo\",\"rufo sob medida comprar\",\"rufo sob medida direto da f\u00e1brica\",\"rufo sob medida em Diadema\",\"rufo sob medida em Guarulhos\",\"rufo sob medida em Osasco\",\"rufo sob medida em promo\u00e7\u00e3o\",\"rufo sob medida em Santo Andr\u00e9\",\"rufo sob medida em S\u00e3o Bernardo\",\"rufo sob medida em S\u00e3o Caetano\",\"rufo sob medida em s\u00e3o paulo\",\"rufo sob medida em sp\",\"rufo sob medida na baixada santista\",\"rufo sob medida na zona leste\",\"rufo sob medida na zona norte\",\"rufo sob medida na zona oeste\",\"rufo sob medida na zona sul\",\"rufo sob medida no ABC\",\"rufo sob medida no centro\",\"rufo sob medida onde encontrar\",\"rufo sob medida perto de mim\",\"rufo sob medida pre\u00e7o\",\"rufo sob medida pr\u00f3ximo a mim\",\"rufos e calhas perto de mim\",\"rufos personalizados\",\"rufos sob medida de alum\u00ednio\"],\"articleSection\":[\"calhas e rufos\"],\"inLanguage\":\"pt-BR\",\"potentialAction\":[{\"@type\":\"CommentAction\",\"name\":\"Comment\",\"target\":[\"https:\/\/www.calex.com.br\/blog\/calhas-e-rufos-sob-medida-conheca-o-fabricante-ideal-no-abc\/#respond\"]}]},{\"@type\":\"WebPage\",\"@id\":\"https:\/\/www.calex.com.br\/blog\/calhas-e-rufos-sob-medida-conheca-o-fabricante-ideal-no-abc\/\",\"url\":\"https:\/\/www.calex.com.br\/blog\/calhas-e-rufos-sob-medida-conheca-o-fabricante-ideal-no-abc\/\",\"name\":\"Calhas e rufos sob medida: conhe\u00e7a o fabricante ideal no ABC - Calex Equipamentos Industriais\",\"isPartOf\":{\"@id\":\"https:\/\/www.calex.com.br\/blog\/#website\"},\"primaryImageOfPage\":{\"@id\":\"https:\/\/www.calex.com.br\/blog\/calhas-e-rufos-sob-medida-conheca-o-fabricante-ideal-no-abc\/#primaryimage\"},\"image\":{\"@id\":\"https:\/\/www.calex.com.br\/blog\/calhas-e-rufos-sob-medida-conheca-o-fabricante-ideal-no-abc\/#primaryimage\"},\"thumbnailUrl\":\"https:\/\/www.calex.com.br\/blog\/wp-content\/uploads\/2026\/02\/Gemini_Generated_Image_ykgscgykgscgykgs.jpg\",\"datePublished\":\"2026-02-04T13:59:53+00:00\",\"dateModified\":\"2026-02-04T14:00:54+00:00\",\"description\":\"Calhas e rufos sob medida com alta durabilidade e qualidade. Descubra o fabricante ideal e solicite um or\u00e7amento personalizado no ABC.\",\"breadcrumb\":{\"@id\":\"https:\/\/www.calex.com.br\/blog\/calhas-e-rufos-sob-medida-conheca-o-fabricante-ideal-no-abc\/#breadcrumb\"},\"inLanguage\":\"pt-BR\",\"potentialAction\":[{\"@type\":\"ReadAction\",\"target\":[\"https:\/\/www.calex.com.br\/blog\/calhas-e-rufos-sob-medida-conheca-o-fabricante-ideal-no-abc\/\"]}]},{\"@type\":\"ImageObject\",\"inLanguage\":\"pt-BR\",\"@id\":\"https:\/\/www.calex.com.br\/blog\/calhas-e-rufos-sob-medida-conheca-o-fabricante-ideal-no-abc\/#primaryimage\",\"url\":\"https:\/\/www.calex.com.br\/blog\/wp-content\/uploads\/2026\/02\/Gemini_Generated_Image_ykgscgykgscgykgs.jpg\",\"contentUrl\":\"https:\/\/www.calex.com.br\/blog\/wp-content\/uploads\/2026\/02\/Gemini_Generated_Image_ykgscgykgscgykgs.jpg\",\"width\":720,\"height\":720,\"caption\":\"Calhas e rufos sob medida: conhe\u00e7a o fabricante ideal no ABC\"},{\"@type\":\"BreadcrumbList\",\"@id\":\"https:\/\/www.calex.com.br\/blog\/calhas-e-rufos-sob-medida-conheca-o-fabricante-ideal-no-abc\/#breadcrumb\",\"itemListElement\":[{\"@type\":\"ListItem\",\"position\":1,\"name\":\"In\u00edcio\",\"item\":\"https:\/\/www.calex.com.br\/blog\/\"},{\"@type\":\"ListItem\",\"position\":2,\"name\":\"Calhas e rufos sob medida: conhe\u00e7a o fabricante ideal no ABC\"}]},{\"@type\":\"WebSite\",\"@id\":\"https:\/\/www.calex.com.br\/blog\/#website\",\"url\":\"https:\/\/www.calex.com.br\/blog\/\",\"name\":\"Calex Equipamentos Industriais\",\"description\":\"blog - Calex\",\"publisher\":{\"@id\":\"https:\/\/www.calex.com.br\/blog\/#organization\"},\"potentialAction\":[{\"@type\":\"SearchAction\",\"target\":{\"@type\":\"EntryPoint\",\"urlTemplate\":\"https:\/\/www.calex.com.br\/blog\/?s={search_term_string}\"},\"query-input\":{\"@type\":\"PropertyValueSpecification\",\"valueRequired\":true,\"valueName\":\"search_term_string\"}}],\"inLanguage\":\"pt-BR\"},{\"@type\":\"Organization\",\"@id\":\"https:\/\/www.calex.com.br\/blog\/#organization\",\"name\":\"Calex Equipamentos Industriais\",\"url\":\"https:\/\/www.calex.com.br\/blog\/\",\"logo\":{\"@type\":\"ImageObject\",\"inLanguage\":\"pt-BR\",\"@id\":\"https:\/\/www.calex.com.br\/blog\/#\/schema\/logo\/image\/\",\"url\":\"https:\/\/www.calex.com.br\/blog\/wp-content\/uploads\/2024\/01\/logo.png\",\"contentUrl\":\"https:\/\/www.calex.com.br\/blog\/wp-content\/uploads\/2024\/01\/logo.png\",\"width\":357,\"height\":109,\"caption\":\"Calex Equipamentos Industriais\"},\"image\":{\"@id\":\"https:\/\/www.calex.com.br\/blog\/#\/schema\/logo\/image\/\"}},{\"@type\":\"Person\",\"@id\":\"https:\/\/www.calex.com.br\/blog\/#\/schema\/person\/c3e50679509addfb3c7d467293307ee7\",\"name\":\"admin\",\"image\":{\"@type\":\"ImageObject\",\"inLanguage\":\"pt-BR\",\"@id\":\"https:\/\/www.calex.com.br\/blog\/#\/schema\/person\/image\/\",\"url\":\"https:\/\/secure.gravatar.com\/avatar\/94d94992e5dcccff24919365b24c228f2dc818bb6650ab086de97177901f17db?s=96&d=mm&r=g\",\"contentUrl\":\"https:\/\/secure.gravatar.com\/avatar\/94d94992e5dcccff24919365b24c228f2dc818bb6650ab086de97177901f17db?s=96&d=mm&r=g\",\"caption\":\"admin\"},\"sameAs\":[\"https:\/\/www.calex.com.br\/blog\"],\"url\":\"https:\/\/www.calex.com.br\/blog\/author\/admin\/\"}]}<\/script>\n<!-- \/ Yoast SEO plugin. -->","yoast_head_json":{"title":"Calhas e rufos sob medida: conhe\u00e7a o fabricante ideal no ABC - Calex Equipamentos Industriais","description":"Calhas e rufos sob medida com alta durabilidade e qualidade. Descubra o fabricante ideal e solicite um or\u00e7amento personalizado no ABC.","robots":{"index":"index","follow":"follow","max-snippet":"max-snippet:-1","max-image-preview":"max-image-preview:large","max-video-preview":"max-video-preview:-1"},"canonical":"https:\/\/www.calex.com.br\/blog\/calhas-e-rufos-sob-medida-conheca-o-fabricante-ideal-no-abc\/","og_locale":"pt_BR","og_type":"article","og_title":"Calhas e rufos sob medida: conhe\u00e7a o fabricante ideal no ABC - Calex Equipamentos Industriais","og_description":"Calhas e rufos sob medida com alta durabilidade e qualidade. Descubra o fabricante ideal e solicite um or\u00e7amento personalizado no ABC.","og_url":"https:\/\/www.calex.com.br\/blog\/calhas-e-rufos-sob-medida-conheca-o-fabricante-ideal-no-abc\/","og_site_name":"Calex Equipamentos Industriais","article_published_time":"2026-02-04T13:59:53+00:00","article_modified_time":"2026-02-04T14:00:54+00:00","og_image":[{"width":720,"height":720,"url":"https:\/\/www.calex.com.br\/blog\/wp-content\/uploads\/2026\/02\/Gemini_Generated_Image_ykgscgykgscgykgs.jpg","type":"image\/jpeg"}],"author":"admin","twitter_card":"summary_large_image","twitter_misc":{"Escrito por":"admin","Est. tempo de leitura":"6 minutos"},"schema":{"@context":"https:\/\/schema.org","@graph":[{"@type":"Article","@id":"https:\/\/www.calex.com.br\/blog\/calhas-e-rufos-sob-medida-conheca-o-fabricante-ideal-no-abc\/#article","isPartOf":{"@id":"https:\/\/www.calex.com.br\/blog\/calhas-e-rufos-sob-medida-conheca-o-fabricante-ideal-no-abc\/"},"author":{"name":"admin","@id":"https:\/\/www.calex.com.br\/blog\/#\/schema\/person\/c3e50679509addfb3c7d467293307ee7"},"headline":"Calhas e rufos sob medida: conhe\u00e7a o fabricante ideal no ABC","datePublished":"2026-02-04T13:59:53+00:00","dateModified":"2026-02-04T14:00:54+00:00","mainEntityOfPage":{"@id":"https:\/\/www.calex.com.br\/blog\/calhas-e-rufos-sob-medida-conheca-o-fabricante-ideal-no-abc\/"},"wordCount":998,"commentCount":0,"publisher":{"@id":"https:\/\/www.calex.com.br\/blog\/#organization"},"image":{"@id":"https:\/\/www.calex.com.br\/blog\/calhas-e-rufos-sob-medida-conheca-o-fabricante-ideal-no-abc\/#primaryimage"},"thumbnailUrl":"https:\/\/www.calex.com.br\/blog\/wp-content\/uploads\/2026\/02\/Gemini_Generated_Image_ykgscgykgscgykgs.jpg","keywords":["calhas de alum\u00ednio sob medida","calhas e rufos em s\u00e3o paulo","calhas e rufos galvalume","calhas e rufos no ABC","calhas e rufos para constru\u00e7\u00e3o civil","calhas e rufos pr\u00f3ximo a mim","calhas e rufos sob medida","calhas e rufos sob medida comprar","calhas e rufos sob medida direto da f\u00e1brica","calhas e rufos sob medida em Bairro Anchieta","calhas e rufos sob medida em Bairro Campestre","calhas e rufos sob medida em Bairro dos Casa","calhas e rufos sob medida em Bairro Ferraz\u00f3polis","calhas e rufos sob medida em Bairro Santa Terezinha","calhas e rufos sob medida em Campestre","calhas e rufos sob medida em Diadema","calhas e rufos sob medida em Guarulhos","calhas e rufos sob medida em Jardim Alzira Franco","calhas e rufos sob medida em Jardim das Maravilhas","calhas e rufos sob medida em Jardim do Mar","calhas e rufos sob medida em Jardim Las Vegas","calhas e rufos sob medida em Jardim Santo Alberto","calhas e rufos sob medida em Jardim Utinga","calhas e rufos sob medida em Mau\u00e1","calhas e rufos sob medida em Nova Petr\u00f3polis","calhas e rufos sob medida em Osasco","calhas e rufos sob medida em Parque das Na\u00e7\u00f5es","calhas e rufos sob medida em promo\u00e7\u00e3o","calhas e rufos sob medida em Ribeir\u00e3o Pires","calhas e rufos sob medida em Rio Grande da Serra","calhas e rufos sob medida em Santo Andr\u00e9","calhas e rufos sob medida em S\u00e3o Bernardo","calhas e rufos sob medida em S\u00e3o Bernardo do Campo","calhas e rufos sob medida em S\u00e3o Caetano","calhas e rufos sob medida em S\u00e3o Caetano do Sul","Calhas e rufos sob medida em S\u00e3o Paulo","calhas e rufos sob medida em sp","calhas e rufos sob medida em Vila Bastos","calhas e rufos sob medida em Vila Gilda","calhas e rufos sob medida em Vila Luzita","calhas e rufos sob medida em Vila Pires","calhas e rufos sob medida em Vila Valpara\u00edso","calhas e rufos sob medida na baixada santista","calhas e rufos sob medida na zona leste","calhas e rufos sob medida na zona norte","calhas e rufos sob medida na zona oeste","calhas e rufos sob medida na zona sul","calhas e rufos sob medida no ABC","calhas e rufos sob medida no ABC paulista","calhas e rufos sob medida no bairro Assun\u00e7\u00e3o","calhas e rufos sob medida no bairro Rudge Ramos","calhas e rufos sob medida no centro","calhas e rufos sob medida no Grande ABC","calhas e rufos sob medida onde encontrar","calhas e rufos sob medida perto de mim","calhas e rufos sob medida pre\u00e7o","calhas e rufos sob medida pr\u00f3ximo a mim","calhas industriais sob medida","calhas moldura americana","calhas moldura colonial","calhas platibanda ABC","calhas sob medida comprar","calhas sob medida direto da f\u00e1brica","calhas sob medida em Diadema","calhas sob medida em Guarulhos","calhas sob medida em Osasco","calhas sob medida em promo\u00e7\u00e3o","calhas sob medida em Santo Andr\u00e9","calhas sob medida em S\u00e3o Bernardo","calhas sob medida em S\u00e3o Caetano","calhas sob medida em s\u00e3o paulo","calhas sob medida em sp","calhas sob medida galvanizadas","calhas sob medida na baixada santista","calhas sob medida na zona leste","calhas sob medida na zona norte","calhas sob medida na zona oeste","calhas sob medida na zona sul","calhas sob medida no ABC","calhas sob medida no centro","calhas sob medida onde encontrar","calhas sob medida perto de mim","calhas sob medida pre\u00e7o","calhas sob medida pr\u00f3ximo a mim","distribuidor de calhas e rufos sob medida","distribuidor de calhas sob medida","distribuidor de rufo sob medida","distribuidora de calhas e rufos sob medida","distribuidora de calhas sob medida","distribuidora de rufo sob medida","empresa de calhas e rufos sob medida","empresa de calhas sob medida","empresa de rufo sob medida","f\u00e1brica de calhas e rufos sob medida","f\u00e1brica de calhas sob medida","f\u00e1brica de rufo sob medida","fabricante Calex ABC","fabricante de calhas e rufos","fabricante de calhas e rufos sob medida","fabricante de calhas sob medida","fabricante de rufo sob medida","fornecedor de calhas e rufos sob medida","fornecedor de calhas sob medida","fornecedor de rufo sob medida","loja de calhas e rufos sob medida","loja de calhas sob medida","loja de rufo sob medida","revendedor de calhas e rufos sob medida","revendedor de calhas sob medida","revendedor de rufo sob medida","rufo externo galvanizado","rufo pingadeira S\u00e3o Paulo","rufo sob medida comprar","rufo sob medida direto da f\u00e1brica","rufo sob medida em Diadema","rufo sob medida em Guarulhos","rufo sob medida em Osasco","rufo sob medida em promo\u00e7\u00e3o","rufo sob medida em Santo Andr\u00e9","rufo sob medida em S\u00e3o Bernardo","rufo sob medida em S\u00e3o Caetano","rufo sob medida em s\u00e3o paulo","rufo sob medida em sp","rufo sob medida na baixada santista","rufo sob medida na zona leste","rufo sob medida na zona norte","rufo sob medida na zona oeste","rufo sob medida na zona sul","rufo sob medida no ABC","rufo sob medida no centro","rufo sob medida onde encontrar","rufo sob medida perto de mim","rufo sob medida pre\u00e7o","rufo sob medida pr\u00f3ximo a mim","rufos e calhas perto de mim","rufos personalizados","rufos sob medida de alum\u00ednio"],"articleSection":["calhas e rufos"],"inLanguage":"pt-BR","potentialAction":[{"@type":"CommentAction","name":"Comment","target":["https:\/\/www.calex.com.br\/blog\/calhas-e-rufos-sob-medida-conheca-o-fabricante-ideal-no-abc\/#respond"]}]},{"@type":"WebPage","@id":"https:\/\/www.calex.com.br\/blog\/calhas-e-rufos-sob-medida-conheca-o-fabricante-ideal-no-abc\/","url":"https:\/\/www.calex.com.br\/blog\/calhas-e-rufos-sob-medida-conheca-o-fabricante-ideal-no-abc\/","name":"Calhas e rufos sob medida: conhe\u00e7a o fabricante ideal no ABC - Calex Equipamentos Industriais","isPartOf":{"@id":"https:\/\/www.calex.com.br\/blog\/#website"},"primaryImageOfPage":{"@id":"https:\/\/www.calex.com.br\/blog\/calhas-e-rufos-sob-medida-conheca-o-fabricante-ideal-no-abc\/#primaryimage"},"image":{"@id":"https:\/\/www.calex.com.br\/blog\/calhas-e-rufos-sob-medida-conheca-o-fabricante-ideal-no-abc\/#primaryimage"},"thumbnailUrl":"https:\/\/www.calex.com.br\/blog\/wp-content\/uploads\/2026\/02\/Gemini_Generated_Image_ykgscgykgscgykgs.jpg","datePublished":"2026-02-04T13:59:53+00:00","dateModified":"2026-02-04T14:00:54+00:00","description":"Calhas e rufos sob medida com alta durabilidade e qualidade. Descubra o fabricante ideal e solicite um or\u00e7amento personalizado no ABC.","breadcrumb":{"@id":"https:\/\/www.calex.com.br\/blog\/calhas-e-rufos-sob-medida-conheca-o-fabricante-ideal-no-abc\/#breadcrumb"},"inLanguage":"pt-BR","potentialAction":[{"@type":"ReadAction","target":["https:\/\/www.calex.com.br\/blog\/calhas-e-rufos-sob-medida-conheca-o-fabricante-ideal-no-abc\/"]}]},{"@type":"ImageObject","inLanguage":"pt-BR","@id":"https:\/\/www.calex.com.br\/blog\/calhas-e-rufos-sob-medida-conheca-o-fabricante-ideal-no-abc\/#primaryimage","url":"https:\/\/www.calex.com.br\/blog\/wp-content\/uploads\/2026\/02\/Gemini_Generated_Image_ykgscgykgscgykgs.jpg","contentUrl":"https:\/\/www.calex.com.br\/blog\/wp-content\/uploads\/2026\/02\/Gemini_Generated_Image_ykgscgykgscgykgs.jpg","width":720,"height":720,"caption":"Calhas e rufos sob medida: conhe\u00e7a o fabricante ideal no ABC"},{"@type":"BreadcrumbList","@id":"https:\/\/www.calex.com.br\/blog\/calhas-e-rufos-sob-medida-conheca-o-fabricante-ideal-no-abc\/#breadcrumb","itemListElement":[{"@type":"ListItem","position":1,"name":"In\u00edcio","item":"https:\/\/www.calex.com.br\/blog\/"},{"@type":"ListItem","position":2,"name":"Calhas e rufos sob medida: conhe\u00e7a o fabricante ideal no ABC"}]},{"@type":"WebSite","@id":"https:\/\/www.calex.com.br\/blog\/#website","url":"https:\/\/www.calex.com.br\/blog\/","name":"Calex Equipamentos Industriais","description":"blog - Calex","publisher":{"@id":"https:\/\/www.calex.com.br\/blog\/#organization"},"potentialAction":[{"@type":"SearchAction","target":{"@type":"EntryPoint","urlTemplate":"https:\/\/www.calex.com.br\/blog\/?s={search_term_string}"},"query-input":{"@type":"PropertyValueSpecification","valueRequired":true,"valueName":"search_term_string"}}],"inLanguage":"pt-BR"},{"@type":"Organization","@id":"https:\/\/www.calex.com.br\/blog\/#organization","name":"Calex Equipamentos Industriais","url":"https:\/\/www.calex.com.br\/blog\/","logo":{"@type":"ImageObject","inLanguage":"pt-BR","@id":"https:\/\/www.calex.com.br\/blog\/#\/schema\/logo\/image\/","url":"https:\/\/www.calex.com.br\/blog\/wp-content\/uploads\/2024\/01\/logo.png","contentUrl":"https:\/\/www.calex.com.br\/blog\/wp-content\/uploads\/2024\/01\/logo.png","width":357,"height":109,"caption":"Calex Equipamentos Industriais"},"image":{"@id":"https:\/\/www.calex.com.br\/blog\/#\/schema\/logo\/image\/"}},{"@type":"Person","@id":"https:\/\/www.calex.com.br\/blog\/#\/schema\/person\/c3e50679509addfb3c7d467293307ee7","name":"admin","image":{"@type":"ImageObject","inLanguage":"pt-BR","@id":"https:\/\/www.calex.com.br\/blog\/#\/schema\/person\/image\/","url":"https:\/\/secure.gravatar.com\/avatar\/94d94992e5dcccff24919365b24c228f2dc818bb6650ab086de97177901f17db?s=96&d=mm&r=g","contentUrl":"https:\/\/secure.gravatar.com\/avatar\/94d94992e5dcccff24919365b24c228f2dc818bb6650ab086de97177901f17db?s=96&d=mm&r=g","caption":"admin"},"sameAs":["https:\/\/www.calex.com.br\/blog"],"url":"https:\/\/www.calex.com.br\/blog\/author\/admin\/"}]}},"modified_by":"admin","_links":{"self":[{"href":"https:\/\/www.calex.com.br\/blog\/wp-json\/wp\/v2\/posts\/400","targetHints":{"allow":["GET"]}}],"collection":[{"href":"https:\/\/www.calex.com.br\/blog\/wp-json\/wp\/v2\/posts"}],"about":[{"href":"https:\/\/www.calex.com.br\/blog\/wp-json\/wp\/v2\/types\/post"}],"author":[{"embeddable":true,"href":"https:\/\/www.calex.com.br\/blog\/wp-json\/wp\/v2\/users\/1"}],"replies":[{"embeddable":true,"href":"https:\/\/www.calex.com.br\/blog\/wp-json\/wp\/v2\/comments?post=400"}],"version-history":[{"count":1,"href":"https:\/\/www.calex.com.br\/blog\/wp-json\/wp\/v2\/posts\/400\/revisions"}],"predecessor-version":[{"id":402,"href":"https:\/\/www.calex.com.br\/blog\/wp-json\/wp\/v2\/posts\/400\/revisions\/402"}],"wp:featuredmedia":[{"embeddable":true,"href":"https:\/\/www.calex.com.br\/blog\/wp-json\/wp\/v2\/media\/401"}],"wp:attachment":[{"href":"https:\/\/www.calex.com.br\/blog\/wp-json\/wp\/v2\/media?parent=400"}],"wp:term":[{"taxonomy":"category","embeddable":true,"href":"https:\/\/www.calex.com.br\/blog\/wp-json\/wp\/v2\/categories?post=400"},{"taxonomy":"post_tag","embeddable":true,"href":"https:\/\/www.calex.com.br\/blog\/wp-json\/wp\/v2\/tags?post=400"}],"curies":[{"name":"wp","href":"https:\/\/api.w.org\/{rel}","templated":true}]}}