{"id":412,"date":"2026-03-10T13:47:40","date_gmt":"2026-03-10T16:47:40","guid":{"rendered":"https:\/\/www.calex.com.br\/blog\/?p=412"},"modified":"2026-03-10T13:47:40","modified_gmt":"2026-03-10T16:47:40","slug":"fabrica-de-calhas-e-rufos-em-sao-caetano-faca-sua-cotacao","status":"publish","type":"post","link":"https:\/\/www.calex.com.br\/blog\/fabrica-de-calhas-e-rufos-em-sao-caetano-faca-sua-cotacao\/","title":{"rendered":"F\u00e1brica de calhas e rufos em S\u00e3o Caetano: fa\u00e7a sua cota\u00e7\u00e3o"},"content":{"rendered":"<span class=\"span-reading-time rt-reading-time\" style=\"display: block;\"><span class=\"rt-label rt-prefix\">Tempo de leitura:<\/span> <span class=\"rt-time\"> 3<\/span> <span class=\"rt-label rt-postfix\">minutos<\/span><\/span>\n<p class=\"has-medium-font-size\"><strong>Fa\u00e7a sua cota\u00e7\u00e3o na melhor f\u00e1brica de calhas e rufos em S\u00e3o Caetano. Produtos sob medida, de alta qualidade e garantia de 1 ano.<\/strong><\/p>\n\n\n\n<p>Quando voc\u00ea procura <strong>f\u00e1brica de calhas e rufos em S\u00e3o Caetano<\/strong>, quer mais do que apenas produtos \u2014 quer solu\u00e7\u00f5es que protejam sua constru\u00e7\u00e3o da \u00e1gua e do desgaste.<\/p>\n\n\n\n<p>&nbsp;A escolha de uma f\u00e1brica confi\u00e1vel garante <strong>pe\u00e7as dur\u00e1veis, sob medida e instaladas corretamente<\/strong>, prevenindo problemas futuros e economizando dinheiro.<\/p>\n\n\n\n<p>Em S\u00e3o Caetano do Sul, a demanda por calhas e rufos personalizados tem crescido, principalmente em \u00e1reas residenciais e comerciais que buscam <strong>efici\u00eancia e qualidade em cada detalhe<\/strong>.&nbsp;<\/p>\n\n\n\n<p>Encontrar o fornecedor certo \u00e9 essencial para evitar retrabalho e garantir que cada pe\u00e7a se encaixe perfeitamente em seu projeto.<\/p>\n\n\n\n<p>Optar por uma f\u00e1brica especializada significa ter acesso a <strong>diversos modelos e materiais<\/strong>, como chapas galvanizadas, alum\u00ednio ou galvalume, com espessuras de 0,40 mm a 2 mm e comprimentos de at\u00e9 4 metros. Isso permite que cada projeto seja tratado de forma \u00fanica e eficaz.<\/p>\n\n\n\n<ul class=\"wp-block-list\">\n<li><a href=\"https:\/\/www.calex.com.br\/blog\/rufos-e-calhas-em-santo-andre-sob-medida-faca-seu-orcamento\/\">Rufos e calhas em Santo Andr\u00e9 sob medida: fa\u00e7a agora seu or\u00e7amento<\/a><\/li>\n<\/ul>\n\n\n\n<div id=\"ez-toc-container\" class=\"ez-toc-v2_0_77 counter-hierarchy ez-toc-counter ez-toc-grey ez-toc-container-direction\">\n<div class=\"ez-toc-title-container\">\n<p class=\"ez-toc-title\" style=\"cursor:inherit\">T\u00f3picos do artigo<\/p>\n<span class=\"ez-toc-title-toggle\"><a href=\"#\" class=\"ez-toc-pull-right ez-toc-btn ez-toc-btn-xs ez-toc-btn-default ez-toc-toggle\" aria-label=\"Alternar tabela de conte\u00fado\"><span class=\"ez-toc-js-icon-con\"><span class=\"\"><span class=\"eztoc-hide\" style=\"display:none;\">Toggle<\/span><span class=\"ez-toc-icon-toggle-span\"><svg style=\"fill: #999;color:#999\" xmlns=\"http:\/\/www.w3.org\/2000\/svg\" class=\"list-377408\" width=\"20px\" height=\"20px\" viewBox=\"0 0 24 24\" fill=\"none\"><path d=\"M6 6H4v2h2V6zm14 0H8v2h12V6zM4 11h2v2H4v-2zm16 0H8v2h12v-2zM4 16h2v2H4v-2zm16 0H8v2h12v-2z\" fill=\"currentColor\"><\/path><\/svg><svg style=\"fill: #999;color:#999\" class=\"arrow-unsorted-368013\" xmlns=\"http:\/\/www.w3.org\/2000\/svg\" width=\"10px\" height=\"10px\" viewBox=\"0 0 24 24\" version=\"1.2\" baseProfile=\"tiny\"><path d=\"M18.2 9.3l-6.2-6.3-6.2 6.3c-.2.2-.3.4-.3.7s.1.5.3.7c.2.2.4.3.7.3h11c.3 0 .5-.1.7-.3.2-.2.3-.5.3-.7s-.1-.5-.3-.7zM5.8 14.7l6.2 6.3 6.2-6.3c.2-.2.3-.5.3-.7s-.1-.5-.3-.7c-.2-.2-.4-.3-.7-.3h-11c-.3 0-.5.1-.7.3-.2.2-.3.5-.3.7s.1.5.3.7z\"\/><\/svg><\/span><\/span><\/span><\/a><\/span><\/div>\n<nav><ul class='ez-toc-list ez-toc-list-level-1 ' ><li class='ez-toc-page-1 ez-toc-heading-level-2'><a class=\"ez-toc-link ez-toc-heading-1\" href=\"https:\/\/www.calex.com.br\/blog\/fabrica-de-calhas-e-rufos-em-sao-caetano-faca-sua-cotacao\/#Modelos_de_calhas_disponiveis\" >Modelos de calhas dispon\u00edveis<\/a><\/li><li class='ez-toc-page-1 ez-toc-heading-level-2'><a class=\"ez-toc-link ez-toc-heading-2\" href=\"https:\/\/www.calex.com.br\/blog\/fabrica-de-calhas-e-rufos-em-sao-caetano-faca-sua-cotacao\/#Tipos_de_rufos_e_suas_aplicacoes\" >Tipos de rufos e suas aplica\u00e7\u00f5es<\/a><ul class='ez-toc-list-level-3' ><li class='ez-toc-heading-level-3'><a class=\"ez-toc-link ez-toc-heading-3\" href=\"https:\/\/www.calex.com.br\/blog\/fabrica-de-calhas-e-rufos-em-sao-caetano-faca-sua-cotacao\/#Materiais_e_qualidade\" >Materiais e qualidade<\/a><\/li><\/ul><\/li><li class='ez-toc-page-1 ez-toc-heading-level-2'><a class=\"ez-toc-link ez-toc-heading-4\" href=\"https:\/\/www.calex.com.br\/blog\/fabrica-de-calhas-e-rufos-em-sao-caetano-faca-sua-cotacao\/#Onde_comprar_calhas_e_rufos_em_Sao_Caetano\" >Onde comprar calhas e rufos em S\u00e3o Caetano<\/a><\/li><li class='ez-toc-page-1 ez-toc-heading-level-2'><a class=\"ez-toc-link ez-toc-heading-5\" href=\"https:\/\/www.calex.com.br\/blog\/fabrica-de-calhas-e-rufos-em-sao-caetano-faca-sua-cotacao\/#Por_que_escolher_a_Calex\" >Por que escolher a Calex<\/a><ul class='ez-toc-list-level-3' ><li class='ez-toc-heading-level-3'><a class=\"ez-toc-link ez-toc-heading-6\" href=\"https:\/\/www.calex.com.br\/blog\/fabrica-de-calhas-e-rufos-em-sao-caetano-faca-sua-cotacao\/#Faca_sua_cotacao_agora\" >Fa\u00e7a sua cota\u00e7\u00e3o agora<\/a><\/li><\/ul><\/li><\/ul><\/nav><\/div>\n<h2 class=\"wp-block-heading\"><span class=\"ez-toc-section\" id=\"Modelos_de_calhas_disponiveis\"><\/span><strong>Modelos de calhas dispon\u00edveis<\/strong><span class=\"ez-toc-section-end\"><\/span><\/h2>\n\n\n\n<p>Ao buscar <strong>calhas e rufos em S\u00e3o Caetano do Sul<\/strong>, voc\u00ea encontra op\u00e7\u00f5es adaptadas a diferentes tipos de telhados e estilos de constru\u00e7\u00e3o. Entre os modelos mais populares, destacam-se:<\/p>\n\n\n\n<ul class=\"wp-block-list\">\n<li><strong>Calha moldurada americana ou colonial<\/strong> \u2013 ideal para resid\u00eancias e projetos que exigem acabamento est\u00e9tico diferenciado.<\/li>\n\n\n\n<li><strong>Calha platibanda<\/strong> \u2013 perfeita para pr\u00e9dios comerciais e estruturas modernas.<\/li>\n\n\n\n<li><strong>Calha quadrada<\/strong> \u2013 solu\u00e7\u00e3o pr\u00e1tica para telhados com maior volume de \u00e1gua.<\/li>\n\n\n\n<li><strong>Calha para \u00e1gua furtada<\/strong> \u2013 garante drenagem eficiente em \u00e1reas cr\u00edticas.<\/li>\n<\/ul>\n\n\n\n<p>Cada modelo \u00e9 fabricado sob medida, garantindo <strong>encaixe perfeito e durabilidade<\/strong>, evitando vazamentos e infiltra\u00e7\u00f5es.<\/p>\n\n\n\n<figure class=\"wp-block-image size-full is-resized is-style-rounded\"><img loading=\"lazy\" decoding=\"async\" width=\"850\" height=\"464\" src=\"https:\/\/www.calex.com.br\/blog\/wp-content\/uploads\/2026\/03\/Gemini_Generated_Image_iflbjuiflbjuiflb.jpg\" alt=\"Rufos e calhas em Santo Andr\u00e9 sob medida: fa\u00e7a agora seu or\u00e7amento\" class=\"wp-image-410\" style=\"aspect-ratio:1.8319362093641383;width:473px;height:auto\" srcset=\"https:\/\/www.calex.com.br\/blog\/wp-content\/uploads\/2026\/03\/Gemini_Generated_Image_iflbjuiflbjuiflb.jpg 850w, https:\/\/www.calex.com.br\/blog\/wp-content\/uploads\/2026\/03\/Gemini_Generated_Image_iflbjuiflbjuiflb-300x164.jpg 300w, https:\/\/www.calex.com.br\/blog\/wp-content\/uploads\/2026\/03\/Gemini_Generated_Image_iflbjuiflbjuiflb-768x419.jpg 768w, https:\/\/www.calex.com.br\/blog\/wp-content\/uploads\/2026\/03\/Gemini_Generated_Image_iflbjuiflbjuiflb-110x60.jpg 110w\" sizes=\"auto, (max-width: 850px) 100vw, 850px\" \/><\/figure>\n\n\n\n<h2 class=\"wp-block-heading\"><span class=\"ez-toc-section\" id=\"Tipos_de_rufos_e_suas_aplicacoes\"><\/span><strong>Tipos de rufos e suas aplica\u00e7\u00f5es<\/strong><span class=\"ez-toc-section-end\"><\/span><\/h2>\n\n\n\n<p>Os rufos tamb\u00e9m s\u00e3o essenciais para proteger jun\u00e7\u00f5es entre telhados e paredes. Em S\u00e3o Caetano, os mais utilizados incluem:<\/p>\n\n\n\n<ul class=\"wp-block-list\">\n<li><strong>Rufo interno<\/strong> \u2013 protege as jun\u00e7\u00f5es internas, evitando infiltra\u00e7\u00f5es em paredes e lajes.<\/li>\n\n\n\n<li><strong>Rufo externo<\/strong> \u2013 indicado para jun\u00e7\u00f5es externas, garantindo prote\u00e7\u00e3o contra chuva e vento.<\/li>\n\n\n\n<li><strong>Rufo pingadeira<\/strong> \u2013 ajuda a direcionar a \u00e1gua para longe das paredes, evitando manchas e deteriora\u00e7\u00e3o.<\/li>\n<\/ul>\n\n\n\n<p>Essas pe\u00e7as s\u00e3o fundamentais para manter a <strong>integridade da constru\u00e7\u00e3o<\/strong> e prolongar a vida \u00fatil do im\u00f3vel.<\/p>\n\n\n\n<ul class=\"wp-block-list\">\n<li><a href=\"https:\/\/www.calex.com.br\/blog\/como-instalar-rufo-pingadeira-corretamente-passo-a-passo-seguro\/\">Como instalar rufo pingadeira corretamente: passo a passo seguro<\/a><\/li>\n<\/ul>\n\n\n\n<h3 class=\"wp-block-heading\"><span class=\"ez-toc-section\" id=\"Materiais_e_qualidade\"><\/span><strong>Materiais e qualidade<\/strong><span class=\"ez-toc-section-end\"><\/span><\/h3>\n\n\n\n<p>Uma <strong>empresa de calhas e rufos em S\u00e3o Caetano<\/strong> de confian\u00e7a oferece materiais de alta qualidade. Na Calex, por exemplo, voc\u00ea encontra:<\/p>\n\n\n\n<ul class=\"wp-block-list\">\n<li>Chapas galvanizadas, alum\u00ednio ou galvalume.<\/li>\n\n\n\n<li>Espessuras de 0,40 mm a 2 mm e at\u00e9 4 metros de comprimento.<\/li>\n\n\n\n<li>Produtos com garantia de 1 ano, assegurando durabilidade e resist\u00eancia.<\/li>\n<\/ul>\n\n\n\n<p>Al\u00e9m disso, a produ\u00e7\u00e3o sob medida garante que cada calha ou rufo <strong>se encaixe perfeitamente<\/strong>, reduzindo riscos de vazamentos e danos estruturais.<\/p>\n\n\n\n<h2 class=\"wp-block-heading\"><span class=\"ez-toc-section\" id=\"Onde_comprar_calhas_e_rufos_em_Sao_Caetano\"><\/span><strong>Onde comprar calhas e rufos em S\u00e3o Caetano<\/strong><span class=\"ez-toc-section-end\"><\/span><\/h2>\n\n\n\n<p>Se voc\u00ea ainda se pergunta <strong>onde comprar calhas e rufos em S\u00e3o Caetano<\/strong>, a solu\u00e7\u00e3o \u00e9 entrar em contato direto com uma f\u00e1brica especializada. Vantagens incluem:<\/p>\n\n\n\n<ul class=\"wp-block-list\">\n<li><strong>Or\u00e7amento personalizado<\/strong> \u2013 voc\u00ea sabe exatamente quanto gastar\u00e1 antes de iniciar o projeto.<\/li>\n\n\n\n<li><strong>Solu\u00e7\u00f5es sob medida<\/strong> \u2013 cada pe\u00e7a \u00e9 fabricada de acordo com as necessidades do seu telhado.<\/li>\n\n\n\n<li><strong>Atendimento especializado<\/strong> \u2013 suporte t\u00e9cnico e orienta\u00e7\u00e3o profissional do in\u00edcio ao fim do projeto.<\/li>\n<\/ul>\n\n\n\n<h2 class=\"wp-block-heading\"><span class=\"ez-toc-section\" id=\"Por_que_escolher_a_Calex\"><\/span><strong>Por que escolher a Calex<\/strong><span class=\"ez-toc-section-end\"><\/span><\/h2>\n\n\n\n<p>A <strong>Calex<\/strong> \u00e9 refer\u00eancia como f\u00e1brica de calhas e rufos em S\u00e3o Caetano do Sul. Diferenciais:<\/p>\n\n\n\n<ul class=\"wp-block-list\">\n<li><strong>Variedade de modelos<\/strong> \u2013 calhas e rufos adaptados a qualquer tipo de constru\u00e7\u00e3o.<\/li>\n\n\n\n<li><strong>Alta qualidade<\/strong> \u2013 materiais resistentes e dur\u00e1veis, com garantia de 1 ano.<\/li>\n\n\n\n<li><strong>Produ\u00e7\u00e3o sob medida<\/strong> \u2013 pe\u00e7as feitas para encaixar perfeitamente em seu projeto.<\/li>\n<\/ul>\n\n\n\n<p><strong>Benef\u00edcios imediatos ao escolher a Calex:<\/strong><\/p>\n\n\n\n<ul class=\"wp-block-list\">\n<li>Economia com manuten\u00e7\u00e3o e reparos.<\/li>\n\n\n\n<li>Prote\u00e7\u00e3o eficiente contra infiltra\u00e7\u00f5es e danos estruturais.<\/li>\n\n\n\n<li>Atendimento r\u00e1pido e or\u00e7amento sem compromisso.<\/li>\n<\/ul>\n\n\n\n<h3 class=\"wp-block-heading\"><span class=\"ez-toc-section\" id=\"Faca_sua_cotacao_agora\"><\/span><strong>Fa\u00e7a sua cota\u00e7\u00e3o agora<\/strong><span class=\"ez-toc-section-end\"><\/span><\/h3>\n\n\n\n<p>Se voc\u00ea busca <strong>com\u00e9rcio de calhas e rufos confi\u00e1vel em S\u00e3o Caetano<\/strong>, entre em contato com a Calex.\u00a0<\/p>\n\n\n\n<p>Solicite seu or\u00e7amento sem compromisso e descubra como podemos entregar <strong>produtos sob medida, de alta qualidade, que realmente protegem sua constru\u00e7\u00e3o<\/strong>.<\/p>\n\n\n\n<ul class=\"wp-block-list\">\n<li><a href=\"https:\/\/www.calex.com.br\/blog\/fabricante-de-calhas-encontre-os-melhores-produtos-com-calex\/\">Fabricante de calhas: encontre os melhores produtos com Calex<br><\/a><\/li>\n<\/ul>\n\n\n\n<p><\/p>\n","protected":false},"excerpt":{"rendered":"<p><span class=\"span-reading-time rt-reading-time\" style=\"display: block;\"><span class=\"rt-label rt-prefix\">Tempo de leitura:<\/span> <span class=\"rt-time\"> 3<\/span> <span class=\"rt-label rt-postfix\">minutos<\/span><\/span>Fa\u00e7a sua cota\u00e7\u00e3o na melhor f\u00e1brica de calhas e rufos em S\u00e3o Caetano. Produtos sob medida, de alta qualidade e garantia de 1 ano. Quando voc\u00ea procura f\u00e1brica de calhas e rufos em S\u00e3o Caetano, quer mais do que apenas &hellip; <\/p>\n","protected":false},"author":1,"featured_media":413,"comment_status":"open","ping_status":"open","sticky":false,"template":"","format":"standard","meta":{"_lmt_disableupdate":"","_lmt_disable":"","footnotes":""},"categories":[2381],"tags":[2609,2594,2626,1102,2065,1105,48,2600,1495,2623,2611,822,2614,2586,2619,2620,2602,2603,2606,2588,2587,2612,79,2616,2592,2622,2621,2607,2596,2618,2617,2608,2591,2627,2629,2598,2593,2610,2630,2599,2601,2605,2597,2628,2604,2624,1730,2625,2590,2589,2615,1218,2613,2595],"class_list":["post-412","post","type-post","status-publish","format-standard","has-post-thumbnail","hentry","category-calhas-e-rufos","tag-calex-fabrica-calhas-sob-medida","tag-calhas-comerciais","tag-calhas-comerciais-sao-caetano","tag-calhas-de-aluminio","tag-calhas-e-rufos-em-sao-caetano-do-sul","tag-calhas-galvalume","tag-calhas-galvanizadas","tag-calhas-galvanizadas-ou-aluminio","tag-calhas-residenciais","tag-calhas-residenciais-sao-caetano","tag-calhas-sao-caetano-do-sul","tag-calhas-sob-medida","tag-calhas-sob-medida-sao-caetano","tag-comercio-de-calhas-e-rufos","tag-comercio-de-calhas-sao-caetano-do-sul","tag-comercio-de-rufos-sao-caetano-do-sul","tag-como-escolher-calhas-para-telhado","tag-como-evitar-infiltracao-em-telhados","tag-como-medir-calhas-para-instalacao","tag-empresa-de-calhas-e-rufos-em-sao-caetano","tag-fabrica-de-calhas-e-rufos-em-sao-caetano","tag-fabrica-de-calhas-sao-caetano","tag-fabrica-de-rufos","tag-fabrica-de-rufos-sao-caetano","tag-fornecedores-de-calhas","tag-fornecedores-de-calhas-sao-caetano","tag-fornecedores-de-rufos-sao-caetano","tag-garantia-de-calhas-e-rufos","tag-instalacao-de-calhas-onde-comprar-calhas-e-rufos-em-sao-caetano","tag-instalacao-de-calhas-sao-caetano","tag-manutencao-de-calhas-sao-caetano","tag-onde-solicitar-orcamento-de-calhas","tag-orcamento-calhas-e-rufos","tag-orcamento-calhas-sao-caetano","tag-orcamento-rufos-sao-caetano","tag-preco-de-calhas-e-rufos-sob-medida","tag-protecao-contra-infiltracao","tag-protecao-de-paredes-e-telhados-com-rufos","tag-protecao-telhado-sao-caetano-do-sul","tag-quais-tipos-de-calhas-existem","tag-quais-tipos-de-rufos-existem","tag-qual-a-espessura-ideal-de-calhas","tag-qual-a-melhor-fabrica-de-calhas-e-rufos-em-sao-caetano","tag-rufo-externo-sao-caetano","tag-rufo-interno-ou-externo","tag-rufo-interno-sao-caetano","tag-rufo-pingadeira","tag-rufo-pingadeira-sao-caetano-do-sul","tag-rufos-externos","tag-rufos-internos","tag-rufos-sao-caetano-do-sul","tag-rufos-sob-medida","tag-rufos-sob-medida-sao-caetano","tag-telhados-sao-caetano","latest_post"],"yoast_head":"<!-- This site is optimized with the Yoast SEO plugin v26.4 - https:\/\/yoast.com\/wordpress\/plugins\/seo\/ -->\n<title>F\u00e1brica de calhas e rufos em S\u00e3o Caetano: fa\u00e7a sua cota\u00e7\u00e3o - Calex Equipamentos Industriais<\/title>\n<meta name=\"description\" content=\"Fa\u00e7a sua cota\u00e7\u00e3o na melhor f\u00e1brica de calhas e rufos em S\u00e3o Caetano. Produtos sob medida, de alta qualidade e garantia de 1 ano.\" \/>\n<meta name=\"robots\" content=\"index, follow, max-snippet:-1, max-image-preview:large, max-video-preview:-1\" \/>\n<link rel=\"canonical\" href=\"https:\/\/www.calex.com.br\/blog\/fabrica-de-calhas-e-rufos-em-sao-caetano-faca-sua-cotacao\/\" \/>\n<meta property=\"og:locale\" content=\"pt_BR\" \/>\n<meta property=\"og:type\" content=\"article\" \/>\n<meta property=\"og:title\" content=\"F\u00e1brica de calhas e rufos em S\u00e3o Caetano: fa\u00e7a sua cota\u00e7\u00e3o - Calex Equipamentos Industriais\" \/>\n<meta property=\"og:description\" content=\"Fa\u00e7a sua cota\u00e7\u00e3o na melhor f\u00e1brica de calhas e rufos em S\u00e3o Caetano. Produtos sob medida, de alta qualidade e garantia de 1 ano.\" \/>\n<meta property=\"og:url\" content=\"https:\/\/www.calex.com.br\/blog\/fabrica-de-calhas-e-rufos-em-sao-caetano-faca-sua-cotacao\/\" \/>\n<meta property=\"og:site_name\" content=\"Calex Equipamentos Industriais\" \/>\n<meta property=\"article:published_time\" content=\"2026-03-10T16:47:40+00:00\" \/>\n<meta property=\"og:image\" content=\"https:\/\/www.calex.com.br\/blog\/wp-content\/uploads\/2026\/03\/10654-1.jpg\" \/>\n\t<meta property=\"og:image:width\" content=\"850\" \/>\n\t<meta property=\"og:image:height\" content=\"564\" \/>\n\t<meta property=\"og:image:type\" content=\"image\/jpeg\" \/>\n<meta name=\"author\" content=\"admin\" \/>\n<meta name=\"twitter:card\" content=\"summary_large_image\" \/>\n<meta name=\"twitter:label1\" content=\"Escrito por\" \/>\n\t<meta name=\"twitter:data1\" content=\"admin\" \/>\n\t<meta name=\"twitter:label2\" content=\"Est. tempo de leitura\" \/>\n\t<meta name=\"twitter:data2\" content=\"4 minutos\" \/>\n<script type=\"application\/ld+json\" class=\"yoast-schema-graph\">{\"@context\":\"https:\/\/schema.org\",\"@graph\":[{\"@type\":\"Article\",\"@id\":\"https:\/\/www.calex.com.br\/blog\/fabrica-de-calhas-e-rufos-em-sao-caetano-faca-sua-cotacao\/#article\",\"isPartOf\":{\"@id\":\"https:\/\/www.calex.com.br\/blog\/fabrica-de-calhas-e-rufos-em-sao-caetano-faca-sua-cotacao\/\"},\"author\":{\"name\":\"admin\",\"@id\":\"https:\/\/www.calex.com.br\/blog\/#\/schema\/person\/c3e50679509addfb3c7d467293307ee7\"},\"headline\":\"F\u00e1brica de calhas e rufos em S\u00e3o Caetano: fa\u00e7a sua cota\u00e7\u00e3o\",\"datePublished\":\"2026-03-10T16:47:40+00:00\",\"mainEntityOfPage\":{\"@id\":\"https:\/\/www.calex.com.br\/blog\/fabrica-de-calhas-e-rufos-em-sao-caetano-faca-sua-cotacao\/\"},\"wordCount\":723,\"commentCount\":0,\"publisher\":{\"@id\":\"https:\/\/www.calex.com.br\/blog\/#organization\"},\"image\":{\"@id\":\"https:\/\/www.calex.com.br\/blog\/fabrica-de-calhas-e-rufos-em-sao-caetano-faca-sua-cotacao\/#primaryimage\"},\"thumbnailUrl\":\"https:\/\/www.calex.com.br\/blog\/wp-content\/uploads\/2026\/03\/10654-1.jpg\",\"keywords\":[\"Calex fabrica calhas sob medida\",\"calhas comerciais\",\"calhas comerciais S\u00e3o Caetano\",\"calhas de alum\u00ednio\",\"calhas e rufos em S\u00e3o Caetano do Sul\",\"calhas galvalume\",\"Calhas galvanizadas\",\"calhas galvanizadas ou alum\u00ednio\",\"calhas residenciais\",\"calhas residenciais S\u00e3o Caetano\",\"calhas S\u00e3o Caetano do Sul\",\"calhas sob medida\",\"calhas sob medida S\u00e3o Caetano\",\"com\u00e9rcio de calhas e rufos\",\"com\u00e9rcio de calhas S\u00e3o Caetano do Sul\",\"com\u00e9rcio de rufos S\u00e3o Caetano do Sul\",\"como escolher calhas para telhado\",\"como evitar infiltra\u00e7\u00e3o em telhados\",\"como medir calhas para instala\u00e7\u00e3o\",\"empresa de calhas e rufos em S\u00e3o Caetano\",\"f\u00e1brica de calhas e rufos em S\u00e3o Caetano\",\"f\u00e1brica de calhas S\u00e3o Caetano\",\"F\u00e1brica de Rufos\",\"f\u00e1brica de rufos S\u00e3o Caetano\",\"fornecedores de calhas\",\"fornecedores de calhas S\u00e3o Caetano\",\"fornecedores de rufos S\u00e3o Caetano\",\"garantia de calhas e rufos\",\"instala\u00e7\u00e3o de calhas onde comprar calhas e rufos em S\u00e3o Caetano\",\"instala\u00e7\u00e3o de calhas S\u00e3o Caetano\",\"manuten\u00e7\u00e3o de calhas S\u00e3o Caetano\",\"onde solicitar or\u00e7amento de calhas\",\"or\u00e7amento calhas e rufos\",\"or\u00e7amento calhas S\u00e3o Caetano\",\"or\u00e7amento rufos S\u00e3o Caetano\",\"pre\u00e7o de calhas e rufos sob medida\",\"prote\u00e7\u00e3o contra infiltra\u00e7\u00e3o\",\"prote\u00e7\u00e3o de paredes e telhados com rufos\",\"prote\u00e7\u00e3o telhado S\u00e3o Caetano do Sul\",\"quais tipos de calhas existem\",\"quais tipos de rufos existem\",\"qual a espessura ideal de calhas\",\"qual a melhor f\u00e1brica de calhas e rufos em S\u00e3o Caetano\",\"rufo externo S\u00e3o Caetano\",\"rufo interno ou externo\",\"rufo interno S\u00e3o Caetano\",\"rufo pingadeira\",\"rufo pingadeira S\u00e3o Caetano do Sul\",\"rufos externos\",\"rufos internos\",\"rufos S\u00e3o Caetano do Sul\",\"rufos sob medida\",\"rufos sob medida S\u00e3o Caetano\",\"telhados S\u00e3o Caetano\"],\"articleSection\":[\"calhas e rufos\"],\"inLanguage\":\"pt-BR\",\"potentialAction\":[{\"@type\":\"CommentAction\",\"name\":\"Comment\",\"target\":[\"https:\/\/www.calex.com.br\/blog\/fabrica-de-calhas-e-rufos-em-sao-caetano-faca-sua-cotacao\/#respond\"]}]},{\"@type\":\"WebPage\",\"@id\":\"https:\/\/www.calex.com.br\/blog\/fabrica-de-calhas-e-rufos-em-sao-caetano-faca-sua-cotacao\/\",\"url\":\"https:\/\/www.calex.com.br\/blog\/fabrica-de-calhas-e-rufos-em-sao-caetano-faca-sua-cotacao\/\",\"name\":\"F\u00e1brica de calhas e rufos em S\u00e3o Caetano: fa\u00e7a sua cota\u00e7\u00e3o - Calex Equipamentos Industriais\",\"isPartOf\":{\"@id\":\"https:\/\/www.calex.com.br\/blog\/#website\"},\"primaryImageOfPage\":{\"@id\":\"https:\/\/www.calex.com.br\/blog\/fabrica-de-calhas-e-rufos-em-sao-caetano-faca-sua-cotacao\/#primaryimage\"},\"image\":{\"@id\":\"https:\/\/www.calex.com.br\/blog\/fabrica-de-calhas-e-rufos-em-sao-caetano-faca-sua-cotacao\/#primaryimage\"},\"thumbnailUrl\":\"https:\/\/www.calex.com.br\/blog\/wp-content\/uploads\/2026\/03\/10654-1.jpg\",\"datePublished\":\"2026-03-10T16:47:40+00:00\",\"description\":\"Fa\u00e7a sua cota\u00e7\u00e3o na melhor f\u00e1brica de calhas e rufos em S\u00e3o Caetano. Produtos sob medida, de alta qualidade e garantia de 1 ano.\",\"breadcrumb\":{\"@id\":\"https:\/\/www.calex.com.br\/blog\/fabrica-de-calhas-e-rufos-em-sao-caetano-faca-sua-cotacao\/#breadcrumb\"},\"inLanguage\":\"pt-BR\",\"potentialAction\":[{\"@type\":\"ReadAction\",\"target\":[\"https:\/\/www.calex.com.br\/blog\/fabrica-de-calhas-e-rufos-em-sao-caetano-faca-sua-cotacao\/\"]}]},{\"@type\":\"ImageObject\",\"inLanguage\":\"pt-BR\",\"@id\":\"https:\/\/www.calex.com.br\/blog\/fabrica-de-calhas-e-rufos-em-sao-caetano-faca-sua-cotacao\/#primaryimage\",\"url\":\"https:\/\/www.calex.com.br\/blog\/wp-content\/uploads\/2026\/03\/10654-1.jpg\",\"contentUrl\":\"https:\/\/www.calex.com.br\/blog\/wp-content\/uploads\/2026\/03\/10654-1.jpg\",\"width\":850,\"height\":564,\"caption\":\"F\u00e1brica de calhas e rufos em S\u00e3o Caetano: fa\u00e7a sua cota\u00e7\u00e3o\"},{\"@type\":\"BreadcrumbList\",\"@id\":\"https:\/\/www.calex.com.br\/blog\/fabrica-de-calhas-e-rufos-em-sao-caetano-faca-sua-cotacao\/#breadcrumb\",\"itemListElement\":[{\"@type\":\"ListItem\",\"position\":1,\"name\":\"In\u00edcio\",\"item\":\"https:\/\/www.calex.com.br\/blog\/\"},{\"@type\":\"ListItem\",\"position\":2,\"name\":\"F\u00e1brica de calhas e rufos em S\u00e3o Caetano: fa\u00e7a sua cota\u00e7\u00e3o\"}]},{\"@type\":\"WebSite\",\"@id\":\"https:\/\/www.calex.com.br\/blog\/#website\",\"url\":\"https:\/\/www.calex.com.br\/blog\/\",\"name\":\"Calex Equipamentos Industriais\",\"description\":\"blog - Calex\",\"publisher\":{\"@id\":\"https:\/\/www.calex.com.br\/blog\/#organization\"},\"potentialAction\":[{\"@type\":\"SearchAction\",\"target\":{\"@type\":\"EntryPoint\",\"urlTemplate\":\"https:\/\/www.calex.com.br\/blog\/?s={search_term_string}\"},\"query-input\":{\"@type\":\"PropertyValueSpecification\",\"valueRequired\":true,\"valueName\":\"search_term_string\"}}],\"inLanguage\":\"pt-BR\"},{\"@type\":\"Organization\",\"@id\":\"https:\/\/www.calex.com.br\/blog\/#organization\",\"name\":\"Calex Equipamentos Industriais\",\"url\":\"https:\/\/www.calex.com.br\/blog\/\",\"logo\":{\"@type\":\"ImageObject\",\"inLanguage\":\"pt-BR\",\"@id\":\"https:\/\/www.calex.com.br\/blog\/#\/schema\/logo\/image\/\",\"url\":\"https:\/\/www.calex.com.br\/blog\/wp-content\/uploads\/2024\/01\/logo.png\",\"contentUrl\":\"https:\/\/www.calex.com.br\/blog\/wp-content\/uploads\/2024\/01\/logo.png\",\"width\":357,\"height\":109,\"caption\":\"Calex Equipamentos Industriais\"},\"image\":{\"@id\":\"https:\/\/www.calex.com.br\/blog\/#\/schema\/logo\/image\/\"}},{\"@type\":\"Person\",\"@id\":\"https:\/\/www.calex.com.br\/blog\/#\/schema\/person\/c3e50679509addfb3c7d467293307ee7\",\"name\":\"admin\",\"image\":{\"@type\":\"ImageObject\",\"inLanguage\":\"pt-BR\",\"@id\":\"https:\/\/www.calex.com.br\/blog\/#\/schema\/person\/image\/\",\"url\":\"https:\/\/secure.gravatar.com\/avatar\/94d94992e5dcccff24919365b24c228f2dc818bb6650ab086de97177901f17db?s=96&d=mm&r=g\",\"contentUrl\":\"https:\/\/secure.gravatar.com\/avatar\/94d94992e5dcccff24919365b24c228f2dc818bb6650ab086de97177901f17db?s=96&d=mm&r=g\",\"caption\":\"admin\"},\"sameAs\":[\"https:\/\/www.calex.com.br\/blog\"],\"url\":\"https:\/\/www.calex.com.br\/blog\/author\/admin\/\"}]}<\/script>\n<!-- \/ Yoast SEO plugin. -->","yoast_head_json":{"title":"F\u00e1brica de calhas e rufos em S\u00e3o Caetano: fa\u00e7a sua cota\u00e7\u00e3o - Calex Equipamentos Industriais","description":"Fa\u00e7a sua cota\u00e7\u00e3o na melhor f\u00e1brica de calhas e rufos em S\u00e3o Caetano. Produtos sob medida, de alta qualidade e garantia de 1 ano.","robots":{"index":"index","follow":"follow","max-snippet":"max-snippet:-1","max-image-preview":"max-image-preview:large","max-video-preview":"max-video-preview:-1"},"canonical":"https:\/\/www.calex.com.br\/blog\/fabrica-de-calhas-e-rufos-em-sao-caetano-faca-sua-cotacao\/","og_locale":"pt_BR","og_type":"article","og_title":"F\u00e1brica de calhas e rufos em S\u00e3o Caetano: fa\u00e7a sua cota\u00e7\u00e3o - Calex Equipamentos Industriais","og_description":"Fa\u00e7a sua cota\u00e7\u00e3o na melhor f\u00e1brica de calhas e rufos em S\u00e3o Caetano. Produtos sob medida, de alta qualidade e garantia de 1 ano.","og_url":"https:\/\/www.calex.com.br\/blog\/fabrica-de-calhas-e-rufos-em-sao-caetano-faca-sua-cotacao\/","og_site_name":"Calex Equipamentos Industriais","article_published_time":"2026-03-10T16:47:40+00:00","og_image":[{"width":850,"height":564,"url":"https:\/\/www.calex.com.br\/blog\/wp-content\/uploads\/2026\/03\/10654-1.jpg","type":"image\/jpeg"}],"author":"admin","twitter_card":"summary_large_image","twitter_misc":{"Escrito por":"admin","Est. tempo de leitura":"4 minutos"},"schema":{"@context":"https:\/\/schema.org","@graph":[{"@type":"Article","@id":"https:\/\/www.calex.com.br\/blog\/fabrica-de-calhas-e-rufos-em-sao-caetano-faca-sua-cotacao\/#article","isPartOf":{"@id":"https:\/\/www.calex.com.br\/blog\/fabrica-de-calhas-e-rufos-em-sao-caetano-faca-sua-cotacao\/"},"author":{"name":"admin","@id":"https:\/\/www.calex.com.br\/blog\/#\/schema\/person\/c3e50679509addfb3c7d467293307ee7"},"headline":"F\u00e1brica de calhas e rufos em S\u00e3o Caetano: fa\u00e7a sua cota\u00e7\u00e3o","datePublished":"2026-03-10T16:47:40+00:00","mainEntityOfPage":{"@id":"https:\/\/www.calex.com.br\/blog\/fabrica-de-calhas-e-rufos-em-sao-caetano-faca-sua-cotacao\/"},"wordCount":723,"commentCount":0,"publisher":{"@id":"https:\/\/www.calex.com.br\/blog\/#organization"},"image":{"@id":"https:\/\/www.calex.com.br\/blog\/fabrica-de-calhas-e-rufos-em-sao-caetano-faca-sua-cotacao\/#primaryimage"},"thumbnailUrl":"https:\/\/www.calex.com.br\/blog\/wp-content\/uploads\/2026\/03\/10654-1.jpg","keywords":["Calex fabrica calhas sob medida","calhas comerciais","calhas comerciais S\u00e3o Caetano","calhas de alum\u00ednio","calhas e rufos em S\u00e3o Caetano do Sul","calhas galvalume","Calhas galvanizadas","calhas galvanizadas ou alum\u00ednio","calhas residenciais","calhas residenciais S\u00e3o Caetano","calhas S\u00e3o Caetano do Sul","calhas sob medida","calhas sob medida S\u00e3o Caetano","com\u00e9rcio de calhas e rufos","com\u00e9rcio de calhas S\u00e3o Caetano do Sul","com\u00e9rcio de rufos S\u00e3o Caetano do Sul","como escolher calhas para telhado","como evitar infiltra\u00e7\u00e3o em telhados","como medir calhas para instala\u00e7\u00e3o","empresa de calhas e rufos em S\u00e3o Caetano","f\u00e1brica de calhas e rufos em S\u00e3o Caetano","f\u00e1brica de calhas S\u00e3o Caetano","F\u00e1brica de Rufos","f\u00e1brica de rufos S\u00e3o Caetano","fornecedores de calhas","fornecedores de calhas S\u00e3o Caetano","fornecedores de rufos S\u00e3o Caetano","garantia de calhas e rufos","instala\u00e7\u00e3o de calhas onde comprar calhas e rufos em S\u00e3o Caetano","instala\u00e7\u00e3o de calhas S\u00e3o Caetano","manuten\u00e7\u00e3o de calhas S\u00e3o Caetano","onde solicitar or\u00e7amento de calhas","or\u00e7amento calhas e rufos","or\u00e7amento calhas S\u00e3o Caetano","or\u00e7amento rufos S\u00e3o Caetano","pre\u00e7o de calhas e rufos sob medida","prote\u00e7\u00e3o contra infiltra\u00e7\u00e3o","prote\u00e7\u00e3o de paredes e telhados com rufos","prote\u00e7\u00e3o telhado S\u00e3o Caetano do Sul","quais tipos de calhas existem","quais tipos de rufos existem","qual a espessura ideal de calhas","qual a melhor f\u00e1brica de calhas e rufos em S\u00e3o Caetano","rufo externo S\u00e3o Caetano","rufo interno ou externo","rufo interno S\u00e3o Caetano","rufo pingadeira","rufo pingadeira S\u00e3o Caetano do Sul","rufos externos","rufos internos","rufos S\u00e3o Caetano do Sul","rufos sob medida","rufos sob medida S\u00e3o Caetano","telhados S\u00e3o Caetano"],"articleSection":["calhas e rufos"],"inLanguage":"pt-BR","potentialAction":[{"@type":"CommentAction","name":"Comment","target":["https:\/\/www.calex.com.br\/blog\/fabrica-de-calhas-e-rufos-em-sao-caetano-faca-sua-cotacao\/#respond"]}]},{"@type":"WebPage","@id":"https:\/\/www.calex.com.br\/blog\/fabrica-de-calhas-e-rufos-em-sao-caetano-faca-sua-cotacao\/","url":"https:\/\/www.calex.com.br\/blog\/fabrica-de-calhas-e-rufos-em-sao-caetano-faca-sua-cotacao\/","name":"F\u00e1brica de calhas e rufos em S\u00e3o Caetano: fa\u00e7a sua cota\u00e7\u00e3o - Calex Equipamentos Industriais","isPartOf":{"@id":"https:\/\/www.calex.com.br\/blog\/#website"},"primaryImageOfPage":{"@id":"https:\/\/www.calex.com.br\/blog\/fabrica-de-calhas-e-rufos-em-sao-caetano-faca-sua-cotacao\/#primaryimage"},"image":{"@id":"https:\/\/www.calex.com.br\/blog\/fabrica-de-calhas-e-rufos-em-sao-caetano-faca-sua-cotacao\/#primaryimage"},"thumbnailUrl":"https:\/\/www.calex.com.br\/blog\/wp-content\/uploads\/2026\/03\/10654-1.jpg","datePublished":"2026-03-10T16:47:40+00:00","description":"Fa\u00e7a sua cota\u00e7\u00e3o na melhor f\u00e1brica de calhas e rufos em S\u00e3o Caetano. Produtos sob medida, de alta qualidade e garantia de 1 ano.","breadcrumb":{"@id":"https:\/\/www.calex.com.br\/blog\/fabrica-de-calhas-e-rufos-em-sao-caetano-faca-sua-cotacao\/#breadcrumb"},"inLanguage":"pt-BR","potentialAction":[{"@type":"ReadAction","target":["https:\/\/www.calex.com.br\/blog\/fabrica-de-calhas-e-rufos-em-sao-caetano-faca-sua-cotacao\/"]}]},{"@type":"ImageObject","inLanguage":"pt-BR","@id":"https:\/\/www.calex.com.br\/blog\/fabrica-de-calhas-e-rufos-em-sao-caetano-faca-sua-cotacao\/#primaryimage","url":"https:\/\/www.calex.com.br\/blog\/wp-content\/uploads\/2026\/03\/10654-1.jpg","contentUrl":"https:\/\/www.calex.com.br\/blog\/wp-content\/uploads\/2026\/03\/10654-1.jpg","width":850,"height":564,"caption":"F\u00e1brica de calhas e rufos em S\u00e3o Caetano: fa\u00e7a sua cota\u00e7\u00e3o"},{"@type":"BreadcrumbList","@id":"https:\/\/www.calex.com.br\/blog\/fabrica-de-calhas-e-rufos-em-sao-caetano-faca-sua-cotacao\/#breadcrumb","itemListElement":[{"@type":"ListItem","position":1,"name":"In\u00edcio","item":"https:\/\/www.calex.com.br\/blog\/"},{"@type":"ListItem","position":2,"name":"F\u00e1brica de calhas e rufos em S\u00e3o Caetano: fa\u00e7a sua cota\u00e7\u00e3o"}]},{"@type":"WebSite","@id":"https:\/\/www.calex.com.br\/blog\/#website","url":"https:\/\/www.calex.com.br\/blog\/","name":"Calex Equipamentos Industriais","description":"blog - Calex","publisher":{"@id":"https:\/\/www.calex.com.br\/blog\/#organization"},"potentialAction":[{"@type":"SearchAction","target":{"@type":"EntryPoint","urlTemplate":"https:\/\/www.calex.com.br\/blog\/?s={search_term_string}"},"query-input":{"@type":"PropertyValueSpecification","valueRequired":true,"valueName":"search_term_string"}}],"inLanguage":"pt-BR"},{"@type":"Organization","@id":"https:\/\/www.calex.com.br\/blog\/#organization","name":"Calex Equipamentos Industriais","url":"https:\/\/www.calex.com.br\/blog\/","logo":{"@type":"ImageObject","inLanguage":"pt-BR","@id":"https:\/\/www.calex.com.br\/blog\/#\/schema\/logo\/image\/","url":"https:\/\/www.calex.com.br\/blog\/wp-content\/uploads\/2024\/01\/logo.png","contentUrl":"https:\/\/www.calex.com.br\/blog\/wp-content\/uploads\/2024\/01\/logo.png","width":357,"height":109,"caption":"Calex Equipamentos Industriais"},"image":{"@id":"https:\/\/www.calex.com.br\/blog\/#\/schema\/logo\/image\/"}},{"@type":"Person","@id":"https:\/\/www.calex.com.br\/blog\/#\/schema\/person\/c3e50679509addfb3c7d467293307ee7","name":"admin","image":{"@type":"ImageObject","inLanguage":"pt-BR","@id":"https:\/\/www.calex.com.br\/blog\/#\/schema\/person\/image\/","url":"https:\/\/secure.gravatar.com\/avatar\/94d94992e5dcccff24919365b24c228f2dc818bb6650ab086de97177901f17db?s=96&d=mm&r=g","contentUrl":"https:\/\/secure.gravatar.com\/avatar\/94d94992e5dcccff24919365b24c228f2dc818bb6650ab086de97177901f17db?s=96&d=mm&r=g","caption":"admin"},"sameAs":["https:\/\/www.calex.com.br\/blog"],"url":"https:\/\/www.calex.com.br\/blog\/author\/admin\/"}]}},"modified_by":"admin","_links":{"self":[{"href":"https:\/\/www.calex.com.br\/blog\/wp-json\/wp\/v2\/posts\/412","targetHints":{"allow":["GET"]}}],"collection":[{"href":"https:\/\/www.calex.com.br\/blog\/wp-json\/wp\/v2\/posts"}],"about":[{"href":"https:\/\/www.calex.com.br\/blog\/wp-json\/wp\/v2\/types\/post"}],"author":[{"embeddable":true,"href":"https:\/\/www.calex.com.br\/blog\/wp-json\/wp\/v2\/users\/1"}],"replies":[{"embeddable":true,"href":"https:\/\/www.calex.com.br\/blog\/wp-json\/wp\/v2\/comments?post=412"}],"version-history":[{"count":1,"href":"https:\/\/www.calex.com.br\/blog\/wp-json\/wp\/v2\/posts\/412\/revisions"}],"predecessor-version":[{"id":414,"href":"https:\/\/www.calex.com.br\/blog\/wp-json\/wp\/v2\/posts\/412\/revisions\/414"}],"wp:featuredmedia":[{"embeddable":true,"href":"https:\/\/www.calex.com.br\/blog\/wp-json\/wp\/v2\/media\/413"}],"wp:attachment":[{"href":"https:\/\/www.calex.com.br\/blog\/wp-json\/wp\/v2\/media?parent=412"}],"wp:term":[{"taxonomy":"category","embeddable":true,"href":"https:\/\/www.calex.com.br\/blog\/wp-json\/wp\/v2\/categories?post=412"},{"taxonomy":"post_tag","embeddable":true,"href":"https:\/\/www.calex.com.br\/blog\/wp-json\/wp\/v2\/tags?post=412"}],"curies":[{"name":"wp","href":"https:\/\/api.w.org\/{rel}","templated":true}]}}